{"id":99964,"date":"2025-11-18T15:15:35","date_gmt":"2025-11-18T22:15:35","guid":{"rendered":"https:\/\/portaltactica.com\/?p=99964"},"modified":"2025-11-18T15:15:38","modified_gmt":"2025-11-18T22:15:38","slug":"atlas-pierde-a-matias-coccaro-su-primera-baja-para-el-clausura-2026","status":"publish","type":"post","link":"https:\/\/portaltactica.com\/?p=99964","title":{"rendered":"Atlas pierde a Mat\u00edas C\u00f3ccaro, su primera baja para el Clausura 2026"},"content":{"rendered":"\n<p>El uruguayo Mat\u00edas C\u00f3ccaro no seguir\u00e1 vistiendo la playera rojinegra y es la primera baja del Atlas rumbo al Clausura 2026; el propio delantero se despidi\u00f3 a trav\u00e9s de las redes sociales.<\/p>\n\n\n\n<p>Los Zorros no hicieron v\u00e1lida la opci\u00f3n de compra del &#8216;Zorro&#8217;, que tendr\u00e1 que volver al CF Montr\u00e9al de la MLS o en su defecto ser prestado a otro plantel.<\/p>\n\n\n\n<blockquote class=\"wp-block-quote is-layout-flow wp-block-quote-is-layout-flow\">\n<p>&#8220;Hoy me toca despedirme de Atlas, un club que me abri\u00f3 las puertas y me dio la oportunidad de vivir mi primera experiencia en M\u00e9xico. Este a\u00f1o estuvo lleno de aprendizajes, retos y grandes momentos que siempre voy a recordar. Quiero agradecer profundamente al cuerpo t\u00e9cnico, a mis compa\u00f1eros y a toda la gente del club que trabaja detr\u00e1s de c\u00e1maras. Su esfuerzo, dedicaci\u00f3n y apoyo hicieron que mi d\u00eda a d\u00eda fuera m\u00e1s f\u00e1cil y me ayudaron a crecer como jugador y como persona&#8221;<\/p>\n<\/blockquote>\n\n\n\n<h2 class=\"wp-block-heading\">\u00bfC\u00f3mo le fue en Atlas?<\/h2>\n\n\n\n<p>Lleg\u00f3 para el Clausura 2025 a pr\u00e9stamo proveniente del elenco canadiense; en 26 duelos de Liga MX en los que hizo dos goles, m\u00e1s otro en la Leagues Cup, pero nunca pudo consolidarse como titular en el cuadro tapat\u00edo.<\/p>\n\n\n\n<blockquote class=\"wp-block-quote is-layout-flow wp-block-quote-is-layout-flow\">\n<p>&#8220;A la Fiel, gracias por vivir el futbol como yo, con tanta pasi\u00f3n y entrega. Su energ\u00eda en cada partido me motiv\u00f3 a dar siempre el 110% y a disfrutar cada momento en la cancha. Sentir su aliento fue algo \u00fanico y siempre lo llevar\u00e9 conmigo. Me voy con mucha ilusi\u00f3n por el nuevo reto que viene, pero tambi\u00e9n con un gran cari\u00f1o y gratitud por todo lo que viv\u00ed en este club. Gracias por recibirme, apoyarme y ense\u00f1arme tanto. \u00a1Gracias por todo, Atlas y gracias, Fiel!&#8221;<\/p>\n<\/blockquote>\n\n\n\n<p>Esta ser\u00e1 la primer abaja y se cocinan m\u00e1s, por ejemplo, Mauro Manotas intentar\u00e1 romper los 6 meses que le restan de contrato con los Zorros y volver a su pa\u00eds .<\/p>\n\n\n\n<p>Atlas sigue de vacaciones y ser\u00e1 a inicios de diciembre cuando vuelvan a la actividad para preparar el Clausura 2026.<\/p>\n<div class='share-to-whatsapp-wrapper'><div class='share-on-whsp'>Share on: <\/div><a data-text='Atlas pierde a Mat\u00edas C\u00f3ccaro, su primera baja para el Clausura 2026' data-link='https:\/\/portaltactica.com\/?p=99964' class='whatsapp-button whatsapp-share'>WhatsApp<\/a><div class='clear '><\/div><\/div>","protected":false},"excerpt":{"rendered":"<p>El uruguayo Mat\u00edas C\u00f3ccaro no seguir\u00e1 vistiendo la playera rojinegra y es la primera baja del Atlas rumbo al Clausura 2026;&hellip;<\/p>\n","protected":false},"author":2,"featured_media":99965,"comment_status":"closed","ping_status":"closed","sticky":false,"template":"","format":"standard","meta":{"advanced_seo_description":"","jetpack_seo_html_title":"","jetpack_seo_noindex":false,"_jetpack_memberships_contains_paid_content":false,"footnotes":"","jetpack_publicize_message":"","jetpack_publicize_feature_enabled":true,"jetpack_social_post_already_shared":true,"jetpack_social_options":{"image_generator_settings":{"template":"highway","default_image_id":0,"font":"","enabled":false},"version":2}},"categories":[1897],"tags":[],"class_list":["post-99964","post","type-post","status-publish","format-standard","has-post-thumbnail","hentry","category-destacado-nacional"],"jetpack_publicize_connections":[],"jetpack_featured_media_url":"https:\/\/portaltactica.com\/wp-content\/uploads\/2025\/11\/7-7.png","jetpack_sharing_enabled":true,"_links":{"self":[{"href":"https:\/\/portaltactica.com\/index.php?rest_route=\/wp\/v2\/posts\/99964","targetHints":{"allow":["GET"]}}],"collection":[{"href":"https:\/\/portaltactica.com\/index.php?rest_route=\/wp\/v2\/posts"}],"about":[{"href":"https:\/\/portaltactica.com\/index.php?rest_route=\/wp\/v2\/types\/post"}],"author":[{"embeddable":true,"href":"https:\/\/portaltactica.com\/index.php?rest_route=\/wp\/v2\/users\/2"}],"replies":[{"embeddable":true,"href":"https:\/\/portaltactica.com\/index.php?rest_route=%2Fwp%2Fv2%2Fcomments&post=99964"}],"version-history":[{"count":1,"href":"https:\/\/portaltactica.com\/index.php?rest_route=\/wp\/v2\/posts\/99964\/revisions"}],"predecessor-version":[{"id":99966,"href":"https:\/\/portaltactica.com\/index.php?rest_route=\/wp\/v2\/posts\/99964\/revisions\/99966"}],"wp:featuredmedia":[{"embeddable":true,"href":"https:\/\/portaltactica.com\/index.php?rest_route=\/wp\/v2\/media\/99965"}],"wp:attachment":[{"href":"https:\/\/portaltactica.com\/index.php?rest_route=%2Fwp%2Fv2%2Fmedia&parent=99964"}],"wp:term":[{"taxonomy":"category","embeddable":true,"href":"https:\/\/portaltactica.com\/index.php?rest_route=%2Fwp%2Fv2%2Fcategories&post=99964"},{"taxonomy":"post_tag","embeddable":true,"href":"https:\/\/portaltactica.com\/index.php?rest_route=%2Fwp%2Fv2%2Ftags&post=99964"}],"curies":[{"name":"wp","href":"https:\/\/api.w.org\/{rel}","templated":true}]}}