{"id":99781,"date":"2025-11-12T13:08:17","date_gmt":"2025-11-12T20:08:17","guid":{"rendered":"https:\/\/portaltactica.com\/?p=99781"},"modified":"2025-11-12T13:08:49","modified_gmt":"2025-11-12T20:08:49","slug":"kevin-mier-se-sometera-a-operacion-y-no-jugara-mas-en-2025","status":"publish","type":"post","link":"https:\/\/portaltactica.com\/?p=99781","title":{"rendered":"Kevin Mier se someter\u00e1 a operaci\u00f3n y no jugar\u00e1 m\u00e1s en 2025"},"content":{"rendered":"\n<p>Malas noticias para\u00a0<strong>Cruz Azul<\/strong>. El portero colombiano\u00a0<strong>Kevin Mier deber\u00e1 ser operado luego de confirmarse que sufri\u00f3 una fractura de tibia<\/strong>\u00a0durante el encuentro ante\u00a0<strong>Pumas<\/strong>, disputado en Puebla. La\u00a0<strong>lesi\u00f3n ocurri\u00f3 tras una dura entrada de Adalberto Carrasquilla<\/strong>, que oblig\u00f3 a la\u00a0<strong>salida inmediata del guardameta<\/strong>\u00a0en camilla, visiblemente adolorido.<\/p>\n\n\n\n<p>El&nbsp;<strong>diagn\u00f3stico m\u00e9dico confirm\u00f3 la gravedad del golpe<\/strong>, y el arquero<strong>&nbsp;ser\u00e1 intervenido quir\u00fargicamente este jueves<\/strong>&nbsp;para reparar el da\u00f1o en su pierna. La&nbsp;<strong>noticia representa un duro golpe para el equipo dirigido por Nicol\u00e1s Larcam\u00f3n<\/strong>, que pierde a una de sus&nbsp;<strong>piezas m\u00e1s importantes<\/strong>&nbsp;tanto en lo deportivo como en el liderazgo dentro del vestidor.<\/p>\n\n\n\n<h2 class=\"wp-block-heading\"><strong>MIER SE PIERDE EL RESTO DEL TORNEO Y LA COPA INTERCONTINENTAL<\/strong><\/h2>\n\n\n\n<p>Tras los&nbsp;<strong>estudios realizados, se determin\u00f3 que Kevin Mier no podr\u00e1 volver a jugar durante el Apertura 2025<\/strong>, y&nbsp;<strong>tampoco estar\u00e1 disponible para la Copa Intercontinental<\/strong>, donde Cruz Azul representar\u00e1 a M\u00e9xico. Su&nbsp;<strong>ausencia se sentir\u00e1 especialmente por la solidez que el colombiano aportaba bajo los tres palos<\/strong>, siendo uno de los elementos m\u00e1s regulares del conjunto celeste.<\/p>\n\n\n\n<p>En su lugar,&nbsp;<strong>Andr\u00e9s Gudi\u00f1o tomar\u00e1 la responsabilidad de custodiar la porter\u00eda en los pr\u00f3ximos compromisos<\/strong>. El guardameta mexicano&nbsp;<strong>ya ha tenido minutos en torneos anteriores<\/strong>&nbsp;y buscar\u00e1 aprovechar esta nueva oportunidad para&nbsp;<strong>consolidarse como una alternativa confiable<\/strong>&nbsp;durante la recuperaci\u00f3n de Mier.<\/p>\n\n\n\n<h2 class=\"wp-block-heading\"><strong>AS\u00cd SER\u00c1 LA CIRUG\u00cdA Y SU PROCESO DE RECUPERACI\u00d3N<\/strong><\/h2>\n\n\n\n<p>El&nbsp;<strong>cuerpo m\u00e9dico del club inform\u00f3 que la cirug\u00eda busca alinear y fijar los fragmentos del hueso afectado<\/strong>&nbsp;para asegurar una correcta recuperaci\u00f3n.&nbsp;<strong>Dependiendo del tipo de fractura, podr\u00edan utilizarse placas, tornillos o clavos internos, o bien una fijaci\u00f3n externa<\/strong>&nbsp;mediante barras y alfileres.<\/p>\n\n\n\n<p>El&nbsp;<strong>tiempo estimado de recuperaci\u00f3n se calcula entre tres y seis meses<\/strong>, dependiendo de la&nbsp;<strong>evoluci\u00f3n del tratamiento y la respuesta del jugador&nbsp;<\/strong>a la rehabilitaci\u00f3n. Durante las primeras semanas,&nbsp;<strong>Mier permanecer\u00e1 en reposo absoluto<\/strong>&nbsp;antes de comenzar un proceso progresivo de&nbsp;<strong>fisioterapia, movilidad y fortalecimiento<\/strong>.<\/p>\n\n\n\n<p>A trav\u00e9s de redes sociales,&nbsp;<strong>compa\u00f1eros y aficionados enviaron mensajes de apoyo al arquero<\/strong>,&nbsp;reflejando el&nbsp;<strong>cari\u00f1o y respaldo hacia uno de los futbolistas m\u00e1s queridos<\/strong>&nbsp;por la afici\u00f3n cementera.<\/p>\n\n\n\n<p><strong>Kevin Mier inicia as\u00ed una nueva batalla<\/strong>&nbsp;fuera de la cancha, con<strong>&nbsp;la esperanza de regresar m\u00e1s fuerte&nbsp;<\/strong>y volver a&nbsp;<strong>defender el arco de Cruz Azul<\/strong>&nbsp;en 2026.<\/p>\n<div class='share-to-whatsapp-wrapper'><div class='share-on-whsp'>Share on: <\/div><a data-text='Kevin Mier se someter\u00e1 a operaci\u00f3n y no jugar\u00e1 m\u00e1s en 2025' data-link='https:\/\/portaltactica.com\/?p=99781' class='whatsapp-button whatsapp-share'>WhatsApp<\/a><div class='clear '><\/div><\/div>","protected":false},"excerpt":{"rendered":"<p>Malas noticias para\u00a0Cruz Azul. El portero colombiano\u00a0Kevin Mier deber\u00e1 ser operado luego de confirmarse que sufri\u00f3 una fractura de tibia\u00a0durante el&hellip;<\/p>\n","protected":false},"author":2,"featured_media":99782,"comment_status":"closed","ping_status":"closed","sticky":false,"template":"","format":"standard","meta":{"advanced_seo_description":"","jetpack_seo_html_title":"","jetpack_seo_noindex":false,"_jetpack_memberships_contains_paid_content":false,"footnotes":"","jetpack_publicize_message":"","jetpack_publicize_feature_enabled":true,"jetpack_social_post_already_shared":true,"jetpack_social_options":{"image_generator_settings":{"template":"highway","default_image_id":0,"font":"","enabled":false},"version":2}},"categories":[1897],"tags":[],"class_list":["post-99781","post","type-post","status-publish","format-standard","has-post-thumbnail","hentry","category-destacado-nacional"],"jetpack_publicize_connections":[],"jetpack_featured_media_url":"https:\/\/portaltactica.com\/wp-content\/uploads\/2025\/11\/2-1.png","jetpack_sharing_enabled":true,"_links":{"self":[{"href":"https:\/\/portaltactica.com\/index.php?rest_route=\/wp\/v2\/posts\/99781","targetHints":{"allow":["GET"]}}],"collection":[{"href":"https:\/\/portaltactica.com\/index.php?rest_route=\/wp\/v2\/posts"}],"about":[{"href":"https:\/\/portaltactica.com\/index.php?rest_route=\/wp\/v2\/types\/post"}],"author":[{"embeddable":true,"href":"https:\/\/portaltactica.com\/index.php?rest_route=\/wp\/v2\/users\/2"}],"replies":[{"embeddable":true,"href":"https:\/\/portaltactica.com\/index.php?rest_route=%2Fwp%2Fv2%2Fcomments&post=99781"}],"version-history":[{"count":1,"href":"https:\/\/portaltactica.com\/index.php?rest_route=\/wp\/v2\/posts\/99781\/revisions"}],"predecessor-version":[{"id":99783,"href":"https:\/\/portaltactica.com\/index.php?rest_route=\/wp\/v2\/posts\/99781\/revisions\/99783"}],"wp:featuredmedia":[{"embeddable":true,"href":"https:\/\/portaltactica.com\/index.php?rest_route=\/wp\/v2\/media\/99782"}],"wp:attachment":[{"href":"https:\/\/portaltactica.com\/index.php?rest_route=%2Fwp%2Fv2%2Fmedia&parent=99781"}],"wp:term":[{"taxonomy":"category","embeddable":true,"href":"https:\/\/portaltactica.com\/index.php?rest_route=%2Fwp%2Fv2%2Fcategories&post=99781"},{"taxonomy":"post_tag","embeddable":true,"href":"https:\/\/portaltactica.com\/index.php?rest_route=%2Fwp%2Fv2%2Ftags&post=99781"}],"curies":[{"name":"wp","href":"https:\/\/api.w.org\/{rel}","templated":true}]}}