{"id":99778,"date":"2025-11-12T13:05:18","date_gmt":"2025-11-12T20:05:18","guid":{"rendered":"https:\/\/portaltactica.com\/?p=99778"},"modified":"2025-11-12T13:05:50","modified_gmt":"2025-11-12T20:05:50","slug":"javier-aguirre-asegura-que-no-cerrara-la-puerta-a-fidalgo-no-tengo-porque-hacer-eso","status":"publish","type":"post","link":"https:\/\/portaltactica.com\/?p=99778","title":{"rendered":"Javier Aguirre asegura que no cerrar\u00e1 la puerta a Fidalgo: &#8220;No tengo porqu\u00e9 hacer eso&#8221;"},"content":{"rendered":"\n<p><strong>\u00c1lvaro Fidalgo\u00a0acept\u00f3 jugar para la\u00a0Selecci\u00f3n Mexicana<\/strong>, luego de varios rumores sobre su posible\u00a0<strong>disponibilidad para el cuadro dirigido por Javier Aguirre<\/strong>, quien ya dio sus primeras declaraciones sobre el\u00a0<strong>mediocampista del Am\u00e9rica<\/strong>.<\/p>\n\n\n\n<h2 class=\"wp-block-heading\"><strong>\u00bfQu\u00e9 dijo Javier Aguirre sobre Fidalgo?&nbsp;<\/strong><\/h2>\n\n\n\n<p><strong>Fidalgo ha destacado por su calidad en el mediocampo<\/strong>&nbsp;del Am\u00e9rica, donde adem\u00e1s ha levantado m\u00faltiples t\u00edtulos bajo la direcci\u00f3n t\u00e9cnica de&nbsp;<strong>Andr\u00e9 Jardine<\/strong>, lo que provoc\u00f3 que se convirtiera en una opci\u00f3n para la&nbsp;<strong>Selecci\u00f3n Mexicana para el Mundial 2026.<\/strong><\/p>\n\n\n\n<p>\u201cYo creo que \u00c1lvaro (Fidalgo),&nbsp;<strong>si tiene legalmente derecho de ser mexicano y jugar futbol mexicano<\/strong>, no tengo por qu\u00e9 cerrarle la puerta a \u00e9l ni a nadie\u201d, dijo el \u2018Vasco\u2019 Aguirre a TV Azteca sobre el mediocampista de las \u00c1guilas y su situaci\u00f3n legal.<\/p>\n\n\n\n<p><strong>Javier Aguirre destac\u00f3 a los jugadores que se meten a la lista<\/strong>&nbsp;poco antes del inicio de la justa, algo que&nbsp;<strong>Fidalgo podr\u00eda vivir<\/strong>, ya que el futbolista de 28 a\u00f1os de edad podr\u00eda ser elegible hasta marzo de 2026, cuando cumpla cinco a\u00f1os de residencia en M\u00e9xico.<\/p>\n\n\n\n<h2 class=\"wp-block-heading\"><strong>Aguirre abre la puerta a Fidalgo para el Mundial 2026 con M\u00e9xico&nbsp;<\/strong><\/h2>\n\n\n\n<p>\u201cEn todos los Mundiales, siempre sube uno y llega al final. Que si&nbsp;<strong>el \u2018Abuelo\u2019 Cruz, que si Crist\u00f3bal Ortega<\/strong>\u2026 siempre hay uno. Entonces los procesos, la estructura, el trabajo y los aspectos t\u00e1cticos&#8230; P<strong>ero si el buen jugador, sabes que est\u00e1 jugando<\/strong>, tiene todas las condiciones para hacerlo y que es mexicano,&nbsp;<strong>pues pa\u2019 dentro<\/strong>\u201d, agreg\u00f3 Aguirre sobre Fidalgo.<\/p>\n\n\n\n<p>En el momento de llamado al Tri,&nbsp;<strong>Fidalgo se unir\u00e1 a&nbsp;Germ\u00e1n Berterame y Juli\u00e1n Qui\u00f1ones<\/strong>&nbsp;como los naturalizados en el actual equipo del Tricolor y formar\u00eda parte de una lista de&nbsp;<strong>m\u00e1s de<\/strong>&nbsp;<strong>15 futbolistas no nacidos en m\u00e9xico<\/strong>&nbsp;que han sido llamados para jugar con la Selecci\u00f3n Mexicana al menos una vez.<\/p>\n\n\n\n<p>Con este posible llamado, el futbolista podr\u00eda ser parte de la convocatoria para jugar en la pr\u00f3xima Copa del Mundo, sin embargo, tendr\u00eda que competir con jugadores como&nbsp;<strong>Edson \u00c1lvarez, Erik Lira, Fidel Ambriz, Orbel\u00edn Pineda, \u00c9rick S\u00e1nchez, Obed Vargas, Gilberto Mora y Marcel Ruiz<\/strong>&nbsp;por un puesto en el equipo titular de Javier Aguirre.<\/p>\n\n\n\n<p><strong>En enero ser\u00e1 convocado para entrenar con el Tri para el microciclo en Centroam\u00e9rica<\/strong>&nbsp;y, si todo marcha bien,&nbsp;<strong>su debut se dar\u00e1 en marzo<\/strong>&nbsp;cuando M\u00e9xico reinaugure el&nbsp;<strong>Estadio Azteca ante Portugal,&nbsp;<\/strong>de acuerdo con informaci\u00f3n de TUDN.<\/p>\n<div class='share-to-whatsapp-wrapper'><div class='share-on-whsp'>Share on: <\/div><a data-text='Javier Aguirre asegura que no cerrar\u00e1 la puerta a Fidalgo: \"No tengo porqu\u00e9 hacer eso\"' data-link='https:\/\/portaltactica.com\/?p=99778' class='whatsapp-button whatsapp-share'>WhatsApp<\/a><div class='clear '><\/div><\/div>","protected":false},"excerpt":{"rendered":"<p>\u00c1lvaro Fidalgo\u00a0acept\u00f3 jugar para la\u00a0Selecci\u00f3n Mexicana, luego de varios rumores sobre su posible\u00a0disponibilidad para el cuadro dirigido por Javier Aguirre, quien&hellip;<\/p>\n","protected":false},"author":2,"featured_media":99779,"comment_status":"closed","ping_status":"closed","sticky":false,"template":"","format":"standard","meta":{"advanced_seo_description":"","jetpack_seo_html_title":"","jetpack_seo_noindex":false,"_jetpack_memberships_contains_paid_content":false,"footnotes":"","jetpack_publicize_message":"","jetpack_publicize_feature_enabled":true,"jetpack_social_post_already_shared":true,"jetpack_social_options":{"image_generator_settings":{"template":"highway","default_image_id":0,"font":"","enabled":false},"version":2}},"categories":[1897],"tags":[],"class_list":["post-99778","post","type-post","status-publish","format-standard","has-post-thumbnail","hentry","category-destacado-nacional"],"jetpack_publicize_connections":[],"jetpack_featured_media_url":"https:\/\/portaltactica.com\/wp-content\/uploads\/2025\/11\/1-4.jpg","jetpack_sharing_enabled":true,"_links":{"self":[{"href":"https:\/\/portaltactica.com\/index.php?rest_route=\/wp\/v2\/posts\/99778","targetHints":{"allow":["GET"]}}],"collection":[{"href":"https:\/\/portaltactica.com\/index.php?rest_route=\/wp\/v2\/posts"}],"about":[{"href":"https:\/\/portaltactica.com\/index.php?rest_route=\/wp\/v2\/types\/post"}],"author":[{"embeddable":true,"href":"https:\/\/portaltactica.com\/index.php?rest_route=\/wp\/v2\/users\/2"}],"replies":[{"embeddable":true,"href":"https:\/\/portaltactica.com\/index.php?rest_route=%2Fwp%2Fv2%2Fcomments&post=99778"}],"version-history":[{"count":1,"href":"https:\/\/portaltactica.com\/index.php?rest_route=\/wp\/v2\/posts\/99778\/revisions"}],"predecessor-version":[{"id":99780,"href":"https:\/\/portaltactica.com\/index.php?rest_route=\/wp\/v2\/posts\/99778\/revisions\/99780"}],"wp:featuredmedia":[{"embeddable":true,"href":"https:\/\/portaltactica.com\/index.php?rest_route=\/wp\/v2\/media\/99779"}],"wp:attachment":[{"href":"https:\/\/portaltactica.com\/index.php?rest_route=%2Fwp%2Fv2%2Fmedia&parent=99778"}],"wp:term":[{"taxonomy":"category","embeddable":true,"href":"https:\/\/portaltactica.com\/index.php?rest_route=%2Fwp%2Fv2%2Fcategories&post=99778"},{"taxonomy":"post_tag","embeddable":true,"href":"https:\/\/portaltactica.com\/index.php?rest_route=%2Fwp%2Fv2%2Ftags&post=99778"}],"curies":[{"name":"wp","href":"https:\/\/api.w.org\/{rel}","templated":true}]}}