{"id":99764,"date":"2025-11-11T16:26:52","date_gmt":"2025-11-11T23:26:52","guid":{"rendered":"https:\/\/portaltactica.com\/?p=99764"},"modified":"2025-11-11T16:26:54","modified_gmt":"2025-11-11T23:26:54","slug":"mexico-y-belgica-pactan-su-enfrentamiento-en-la-fecha-fifa-de-marzo","status":"publish","type":"post","link":"https:\/\/portaltactica.com\/?p=99764","title":{"rendered":"M\u00e9xico y B\u00e9lgica pactan su enfrentamiento en la Fecha FIFA de marzo"},"content":{"rendered":"\n<p>La\u00a0<strong>Selecci\u00f3n Mexicana<\/strong>\u00a0sigue sumando rivales de primera l\u00ednea de cara a su participaci\u00f3n en\u00a0la Copa del Mundo de 2026, ya que, seg\u00fan informaci\u00f3n obtenida, est\u00e1 en negociaciones para enfrentarse a\u00a0<strong>B\u00e9lgica<\/strong>, representativo que est\u00e1 a un paso de amarrar su clasificaci\u00f3n a la justa.\u00a0<\/p>\n\n\n\n<h2 class=\"wp-block-heading\">\u00bfCu\u00e1ndo enfrentar\u00eda M\u00e9xico a B\u00e9lgica?<\/h2>\n\n\n\n<p>De acuerdo con\u00a0<strong>fuentes<\/strong>, el encuentro ser\u00eda el pr\u00f3ximo mes de marzo, esto dentro de la misma Fecha FIFA de marzo\u00a0en la que se medir\u00eda a Portugal.<\/p>\n\n\n\n<blockquote class=\"wp-block-quote is-layout-flow wp-block-quote-is-layout-flow\">\n<p>&#8220;<strong>Est\u00e1 apalabrada la selecci\u00f3n de B\u00e9lgica con SUM<\/strong>\u00a0para en el mes de marzo enfrentar a M\u00e9xico en Estados Unidos. \u00bfQu\u00e9 falta? Que los belgas en este Fecha FIFA ganen uno de los dos partidos para que se clasifiquen&#8221;.\u00a0<\/p>\n<\/blockquote>\n\n\n\n<h2 class=\"wp-block-heading\">B\u00e9lgica cuenta con m\u00faltiples figuras<\/h2>\n\n\n\n<p>Para los Red Devils la clasificaci\u00f3n est\u00e1 muy cercana, ya que llegan a las \u00faltimas dos jornadas de eliminatoria en la UEFA&nbsp;<strong>como l\u00edderes del Grupo J con 14 unidades<\/strong>, una m\u00e1s que Macedonia del Norte, que tiene un partido m\u00e1s ya jugado.&nbsp;<\/p>\n\n\n\n<p>En sus \u00faltimos dos partidos&nbsp;<strong>se medir\u00e1n a Kazajst\u00e1n y Liechtenstein<\/strong>, representativos que ya no tienen posibilidades de clasificar y que lucen &#8220;a modo&#8221; para sellar su boleto.&nbsp;<\/p>\n\n\n\n<p>Aunque se encuentra en una etapa de renovaci\u00f3n, presume a figuras de la talla de&nbsp;<strong>Thibaut Courtois, Kevin de Bruyne,&nbsp;J\u00e9r\u00e9my Doku,&nbsp;Leandro Trossard o&nbsp;<\/strong><strong>Axel Witsel<\/strong>, por mencionar a los m\u00e1s representativos.&nbsp;<\/p>\n\n\n\n<p>Los encuentros ante Portugal -ser\u00e1 en\u00a0la reapertura del Estadio Azteca- y B\u00e9lgica ser\u00e1n en la pen\u00faltima ventana FIFA antes del inicio de la Copa del Mundo, pues todav\u00eda faltar\u00e1 la de la primera semana de junio.\u00a0<\/p>\n<div class='share-to-whatsapp-wrapper'><div class='share-on-whsp'>Share on: <\/div><a data-text='M\u00e9xico y B\u00e9lgica pactan su enfrentamiento en la Fecha FIFA de marzo' data-link='https:\/\/portaltactica.com\/?p=99764' class='whatsapp-button whatsapp-share'>WhatsApp<\/a><div class='clear '><\/div><\/div>","protected":false},"excerpt":{"rendered":"<p>La\u00a0Selecci\u00f3n Mexicana\u00a0sigue sumando rivales de primera l\u00ednea de cara a su participaci\u00f3n en\u00a0la Copa del Mundo de 2026, ya que, seg\u00fan&hellip;<\/p>\n","protected":false},"author":2,"featured_media":99765,"comment_status":"closed","ping_status":"closed","sticky":false,"template":"","format":"standard","meta":{"advanced_seo_description":"","jetpack_seo_html_title":"","jetpack_seo_noindex":false,"_jetpack_memberships_contains_paid_content":false,"footnotes":"","jetpack_publicize_message":"","jetpack_publicize_feature_enabled":true,"jetpack_social_post_already_shared":true,"jetpack_social_options":{"image_generator_settings":{"template":"highway","default_image_id":0,"font":"","enabled":false},"version":2}},"categories":[1897,1896],"tags":[],"class_list":["post-99764","post","type-post","status-publish","format-standard","has-post-thumbnail","hentry","category-destacado-nacional","category-destacado-portada"],"jetpack_publicize_connections":[],"jetpack_featured_media_url":"https:\/\/portaltactica.com\/wp-content\/uploads\/2025\/11\/6-8.jpg","jetpack_sharing_enabled":true,"_links":{"self":[{"href":"https:\/\/portaltactica.com\/index.php?rest_route=\/wp\/v2\/posts\/99764","targetHints":{"allow":["GET"]}}],"collection":[{"href":"https:\/\/portaltactica.com\/index.php?rest_route=\/wp\/v2\/posts"}],"about":[{"href":"https:\/\/portaltactica.com\/index.php?rest_route=\/wp\/v2\/types\/post"}],"author":[{"embeddable":true,"href":"https:\/\/portaltactica.com\/index.php?rest_route=\/wp\/v2\/users\/2"}],"replies":[{"embeddable":true,"href":"https:\/\/portaltactica.com\/index.php?rest_route=%2Fwp%2Fv2%2Fcomments&post=99764"}],"version-history":[{"count":1,"href":"https:\/\/portaltactica.com\/index.php?rest_route=\/wp\/v2\/posts\/99764\/revisions"}],"predecessor-version":[{"id":99766,"href":"https:\/\/portaltactica.com\/index.php?rest_route=\/wp\/v2\/posts\/99764\/revisions\/99766"}],"wp:featuredmedia":[{"embeddable":true,"href":"https:\/\/portaltactica.com\/index.php?rest_route=\/wp\/v2\/media\/99765"}],"wp:attachment":[{"href":"https:\/\/portaltactica.com\/index.php?rest_route=%2Fwp%2Fv2%2Fmedia&parent=99764"}],"wp:term":[{"taxonomy":"category","embeddable":true,"href":"https:\/\/portaltactica.com\/index.php?rest_route=%2Fwp%2Fv2%2Fcategories&post=99764"},{"taxonomy":"post_tag","embeddable":true,"href":"https:\/\/portaltactica.com\/index.php?rest_route=%2Fwp%2Fv2%2Ftags&post=99764"}],"curies":[{"name":"wp","href":"https:\/\/api.w.org\/{rel}","templated":true}]}}