{"id":99752,"date":"2025-11-11T13:36:46","date_gmt":"2025-11-11T20:36:46","guid":{"rendered":"https:\/\/portaltactica.com\/?p=99752"},"modified":"2025-11-11T13:36:48","modified_gmt":"2025-11-11T20:36:48","slug":"cambio-de-direccion-en-el-estadio-banorte-durante-su-remodelacion-para-el-mundial-2026","status":"publish","type":"post","link":"https:\/\/portaltactica.com\/?p=99752","title":{"rendered":"Cambio de direcci\u00f3n en el Estadio Banorte durante su remodelaci\u00f3n para el Mundial 2026"},"content":{"rendered":"\n<p>El\u00a0<strong>Estadio Banorte<\/strong>, que el pr\u00f3ximo verano se convertir\u00e1 en 3 veces mundialista al ser sede de la inauguraci\u00f3n del\u00a0<strong>Mundial 2026<\/strong>, contar\u00e1 a partir de este domingo 16 de noviembre con un nuevo\u00a0<strong>director general ejecutivo<\/strong>\u00a0para encabezar la actual remodelaci\u00f3n del recinto, el cual ser\u00e1\u00a0<strong>Alexandre Costa<\/strong>.<\/p>\n\n\n\n<p><strong>Grupo Ollamani<\/strong>, organizaci\u00f3n propietaria del inmueble, anunci\u00f3 mediante un comunicado oficial en sus redes sociales sobre el cambio en la\u00a0<strong>estructura directiva<\/strong>\u00a0del Azteca, el cual contempla la llegada de Costa en lugar de\u00a0<strong>F\u00e9lix Aguirre<\/strong>, quien hab\u00eda dirigido los destinos del lugar desde hace varios a\u00f1os y ahora ser\u00e1\u00a0<strong>director general adjunto<\/strong>\u00a0y Host City Manager de CDMX en el\u00a0<strong>Mundial 2026<\/strong>.<\/p>\n\n\n\n<p><strong>\u00bfQui\u00e9n es el nuevo director general del Estadio Azteca?<\/strong><\/p>\n\n\n\n<p>El nuevo mandam\u00e1s del&nbsp;<strong>Estadio Banorte<\/strong>&nbsp;es un personaje con una amplia experiencia de 28 a\u00f1os en cuanto a la gerencia y gesti\u00f3n comercial de escenarios deportivos, la cual est\u00e1 comprobada con su labor en el<strong>&nbsp;Do Dragao<\/strong>&nbsp;lusitano, el&nbsp;<strong>Maracan\u00e1<\/strong>&nbsp;brasile\u00f1o y el Antel Arena uruguayo.<\/p>\n\n\n\n<p>Con esta modificaci\u00f3n en el organigrama del\u00a0<strong>Coloso de Santa \u00darsula<\/strong>, los due\u00f1os del inmueble capitalino buscar\u00e1n mejorar la generaci\u00f3n de ingresos, as\u00ed como una<strong>\u00a0modernizaci\u00f3n<\/strong>\u00a0contin\u00faa del hist\u00f3rico escenario, incluso despu\u00e9s de las actuales obras.<\/p>\n\n\n\n<p>Este cambio llega en un momento hist\u00f3rico para el\u00a0<strong>Estadio Azteca<\/strong>, que hasta el momento lleva a\u00f1o y medio de su remodelaci\u00f3n de cara al\u00a0<strong>Mundial 2026<\/strong>, y Costa ser\u00e1 el encargado de dirigir la reapertura del mismo el pr\u00f3ximo 28 de marzo.<\/p>\n\n\n\n<h2 class=\"wp-block-heading\">\u00bfQu\u00e9 cambios tendr\u00e1 el Estadio Banorte con su remodelaci\u00f3n?<\/h2>\n\n\n\n<p><strong>Grupo Ollamani<\/strong>&nbsp;tambi\u00e9n aprovech\u00f3 el anuncio de los cambios en su estructura directiva para informar de las modificaciones que tendr\u00e1 el&nbsp;<strong>Estadio Azteca<\/strong>&nbsp;una vez que se terminen las obras de&nbsp;<strong>remodelaci\u00f3n<\/strong>, las cuales enlistamos a continuaci\u00f3n.<\/p>\n\n\n\n<ul class=\"wp-block-list\">\n<li>Nueva cancha con pasto h\u00edbrido.<\/li>\n\n\n\n<li>Cambio de butacas, ba\u00f1os y \u00e1reas de comida.<\/li>\n\n\n\n<li>Mejora en la conectividad con la instalaci\u00f3n de antenas de \u00faltima tecnolog\u00eda.<\/li>\n\n\n\n<li>Instalaci\u00f3n de 200 c\u00e1maras de seguridad.<\/li>\n<\/ul>\n\n\n\n<ul class=\"wp-block-list\">\n<li>Nuevo sistema de audio con 340 bocinas.<\/li>\n\n\n\n<li>Instalaci\u00f3n de 2 mil 200 metros cuadrados de pantallas LED.<\/li>\n<\/ul>\n<div class='share-to-whatsapp-wrapper'><div class='share-on-whsp'>Share on: <\/div><a data-text='Cambio de direcci\u00f3n en el Estadio Banorte durante su remodelaci\u00f3n para el Mundial 2026' data-link='https:\/\/portaltactica.com\/?p=99752' class='whatsapp-button whatsapp-share'>WhatsApp<\/a><div class='clear '><\/div><\/div>","protected":false},"excerpt":{"rendered":"<p>El\u00a0Estadio Banorte, que el pr\u00f3ximo verano se convertir\u00e1 en 3 veces mundialista al ser sede de la inauguraci\u00f3n del\u00a0Mundial 2026, contar\u00e1&hellip;<\/p>\n","protected":false},"author":2,"featured_media":99753,"comment_status":"closed","ping_status":"closed","sticky":false,"template":"","format":"standard","meta":{"advanced_seo_description":"","jetpack_seo_html_title":"","jetpack_seo_noindex":false,"_jetpack_memberships_contains_paid_content":false,"footnotes":"","jetpack_publicize_message":"","jetpack_publicize_feature_enabled":true,"jetpack_social_post_already_shared":true,"jetpack_social_options":{"image_generator_settings":{"template":"highway","default_image_id":0,"font":"","enabled":false},"version":2}},"categories":[1896],"tags":[],"class_list":["post-99752","post","type-post","status-publish","format-standard","has-post-thumbnail","hentry","category-destacado-portada"],"jetpack_publicize_connections":[],"jetpack_featured_media_url":"https:\/\/portaltactica.com\/wp-content\/uploads\/2025\/11\/2.png","jetpack_sharing_enabled":true,"_links":{"self":[{"href":"https:\/\/portaltactica.com\/index.php?rest_route=\/wp\/v2\/posts\/99752","targetHints":{"allow":["GET"]}}],"collection":[{"href":"https:\/\/portaltactica.com\/index.php?rest_route=\/wp\/v2\/posts"}],"about":[{"href":"https:\/\/portaltactica.com\/index.php?rest_route=\/wp\/v2\/types\/post"}],"author":[{"embeddable":true,"href":"https:\/\/portaltactica.com\/index.php?rest_route=\/wp\/v2\/users\/2"}],"replies":[{"embeddable":true,"href":"https:\/\/portaltactica.com\/index.php?rest_route=%2Fwp%2Fv2%2Fcomments&post=99752"}],"version-history":[{"count":1,"href":"https:\/\/portaltactica.com\/index.php?rest_route=\/wp\/v2\/posts\/99752\/revisions"}],"predecessor-version":[{"id":99754,"href":"https:\/\/portaltactica.com\/index.php?rest_route=\/wp\/v2\/posts\/99752\/revisions\/99754"}],"wp:featuredmedia":[{"embeddable":true,"href":"https:\/\/portaltactica.com\/index.php?rest_route=\/wp\/v2\/media\/99753"}],"wp:attachment":[{"href":"https:\/\/portaltactica.com\/index.php?rest_route=%2Fwp%2Fv2%2Fmedia&parent=99752"}],"wp:term":[{"taxonomy":"category","embeddable":true,"href":"https:\/\/portaltactica.com\/index.php?rest_route=%2Fwp%2Fv2%2Fcategories&post=99752"},{"taxonomy":"post_tag","embeddable":true,"href":"https:\/\/portaltactica.com\/index.php?rest_route=%2Fwp%2Fv2%2Ftags&post=99752"}],"curies":[{"name":"wp","href":"https:\/\/api.w.org\/{rel}","templated":true}]}}