{"id":99745,"date":"2025-11-10T16:33:50","date_gmt":"2025-11-10T23:33:50","guid":{"rendered":"https:\/\/portaltactica.com\/?p=99745"},"modified":"2025-11-10T16:33:51","modified_gmt":"2025-11-10T23:33:51","slug":"adalberto-carrasquilla-recibe-suspension-y-se-pierde-el-duelo-de-play-in-con-pumas","status":"publish","type":"post","link":"https:\/\/portaltactica.com\/?p=99745","title":{"rendered":"Adalberto Carrasquilla recibe suspensi\u00f3n y se pierde el duelo de Play-in con Pumas"},"content":{"rendered":"\n<p><strong>Adalberto Carrasquilla<\/strong>, mediocampista paname\u00f1o de&nbsp;<strong>Pumas<\/strong>, se convirti\u00f3 en el foco de la&nbsp;<strong>Jornada 17 del Apertura 2025<\/strong>&nbsp;tras su fuerte entrada a&nbsp;<strong>Kevin Mier en el Cruz Azul vs Pumas&nbsp;<\/strong>(2-3).&nbsp;<\/p>\n\n\n\n<p><strong>Cruz Azul solicitar\u00e1 la inhabilitaci\u00f3n del jugador&nbsp;<\/strong>universitario tras su entrada contra&nbsp;<strong>Kevin Mier.<\/strong>&nbsp;Carrasquilla no podr\u00e1 jugar el&nbsp;<strong>Play-in vs Pachuca&nbsp;<\/strong>y se perder\u00e1 el partido m\u00e1s importante de la temporada.&nbsp;<\/p>\n\n\n\n<h2 class=\"wp-block-heading\">\u00bfPor qu\u00e9 Carrasquilla est\u00e1 suspendido para el Play-In?<\/h2>\n\n\n\n<p><strong>Carrasquilla<\/strong>&nbsp;recibi\u00f3 amarilla<strong>&nbsp;por una patada a Mier<\/strong>, juzgada por&nbsp;<strong>Fernando Hern\u00e1ndez<\/strong>&nbsp;como imprudente, no violenta. Con esta,&nbsp;<strong>lleg\u00f3 a cinco amarillas en el torneo<\/strong>, activando la suspensi\u00f3n autom\u00e1tica de un partido seg\u00fan el&nbsp;<strong>Reglamento de Sanciones de la Liga MX<\/strong>&nbsp;(Art. 18).&nbsp;<\/p>\n\n\n\n<p>No jugar\u00e1 el<strong>&nbsp;Play-In vs Pachuca&nbsp;<\/strong>(20 noviembre), clave para&nbsp;<strong>Liguilla<\/strong>.&nbsp;<strong>Cruz Azul<\/strong>, furioso, pedir\u00e1 la inhabilitaci\u00f3n del jugador por &#8220;conducta violenta&#8221; (Art. 30), la&nbsp;<strong>Comisi\u00f3n Disciplinaria<\/strong>&nbsp;a\u00fan no recibe la solicitud, pero se espera que llegue en los pr\u00f3ximos d\u00edas.&nbsp;<\/p>\n\n\n\n<h2 class=\"wp-block-heading\">Las amonestaciones de Carrasquilla en el Apertura 2025<\/h2>\n\n\n\n<p><strong>Carrasquilla<\/strong>&nbsp;acumul\u00f3 sus cinco amarillas en partidos clave: &nbsp;<\/p>\n\n\n\n<ul class=\"wp-block-list\">\n<li><strong>Jornada 1<\/strong>: Santos 3-0 Pumas \u2013 Por protesta al \u00e1rbitro. \u00a0<\/li>\n\n\n\n<li><strong>Jornada 2<\/strong>: Pumas 2-3 Pachuca \u2013 Entrada tard\u00eda a Salom\u00f3n Rond\u00f3n. \u00a0<\/li>\n\n\n\n<li><strong>Jornada 4<\/strong>: Pumas 1-1 Necaxa \u2013 Falta t\u00e1ctica en mediocampo. \u00a0<\/li>\n\n\n\n<li><strong>Jornada 11<\/strong>: Am\u00e9rica 4-1 Pumas \u2013 Retraso en saque. \u00a0<\/li>\n\n\n\n<li><strong>Jornada 17<\/strong>: Cruz Azul 2-3 Pumas \u2013 Patada a Mier.<\/li>\n<\/ul>\n\n\n\n<p>Promedi\u00f3 una amarilla cada 3.4 juegos, con 85% por faltas t\u00e1cticas.&nbsp;<\/p>\n\n\n\n<h2 class=\"wp-block-heading\">\u00bfQu\u00e9 bajas podr\u00eda tener Pumas vs Pachuca en el Play-in?&nbsp;<\/h2>\n\n\n\n<ul class=\"wp-block-list\">\n<li><strong>Carrasquilla<\/strong>: Suspendido por amarillas. \u00a0<\/li>\n\n\n\n<li><strong>Guillermo Mart\u00ednez<\/strong>: lesi\u00f3n\u00a0<\/li>\n\n\n\n<li><strong>Jos\u00e9 Juan Mac\u00edas<\/strong>: lesi\u00f3n\u00a0<\/li>\n\n\n\n<li><strong>Aaron Ramsey:<\/strong>\u00a0baja<\/li>\n\n\n\n<li><strong>Santiago Trigos<\/strong>: lesi\u00f3n (posible recuperaci\u00f3n)\u00a0<\/li>\n\n\n\n<li><strong>Keylor Navas:\u00a0<\/strong>convocatoria con selecci\u00f3n<\/li>\n\n\n\n<li><strong>\u00c1lvaro \u00c1ngulo:\u00a0<\/strong>convocatoria con selecci\u00f3n<\/li>\n\n\n\n<li><strong>Pedro Vite:\u00a0<\/strong>convocatoria con selecci\u00f3n<\/li>\n\n\n\n<li><strong>\u00c1ngel Azuaje:\u00a0<\/strong>convocatoria con selecci\u00f3n<\/li>\n\n\n\n<li><strong>Jorge Ruvalcaba:\u00a0<\/strong>convocatoria con selecci\u00f3n<\/li>\n<\/ul>\n\n\n\n<p>Convocados para fecha FIFA del 18 noviembre (amistosos\/Eliminatorias). El partido contra&nbsp;<strong>Pachuca ser\u00e1 el 20 de noviembre.&nbsp;<\/strong><\/p>\n<div class='share-to-whatsapp-wrapper'><div class='share-on-whsp'>Share on: <\/div><a data-text='Adalberto Carrasquilla recibe suspensi\u00f3n y se pierde el duelo de Play-in con Pumas' data-link='https:\/\/portaltactica.com\/?p=99745' class='whatsapp-button whatsapp-share'>WhatsApp<\/a><div class='clear '><\/div><\/div>","protected":false},"excerpt":{"rendered":"<p>Adalberto Carrasquilla, mediocampista paname\u00f1o de&nbsp;Pumas, se convirti\u00f3 en el foco de la&nbsp;Jornada 17 del Apertura 2025&nbsp;tras su fuerte entrada a&nbsp;Kevin Mier&hellip;<\/p>\n","protected":false},"author":2,"featured_media":99746,"comment_status":"closed","ping_status":"closed","sticky":false,"template":"","format":"standard","meta":{"advanced_seo_description":"","jetpack_seo_html_title":"","jetpack_seo_noindex":false,"_jetpack_memberships_contains_paid_content":false,"footnotes":"","jetpack_publicize_message":"","jetpack_publicize_feature_enabled":true,"jetpack_social_post_already_shared":true,"jetpack_social_options":{"image_generator_settings":{"template":"highway","default_image_id":0,"font":"","enabled":false},"version":2}},"categories":[1897],"tags":[],"class_list":["post-99745","post","type-post","status-publish","format-standard","has-post-thumbnail","hentry","category-destacado-nacional"],"jetpack_publicize_connections":[],"jetpack_featured_media_url":"https:\/\/portaltactica.com\/wp-content\/uploads\/2025\/11\/8.png","jetpack_sharing_enabled":true,"_links":{"self":[{"href":"https:\/\/portaltactica.com\/index.php?rest_route=\/wp\/v2\/posts\/99745","targetHints":{"allow":["GET"]}}],"collection":[{"href":"https:\/\/portaltactica.com\/index.php?rest_route=\/wp\/v2\/posts"}],"about":[{"href":"https:\/\/portaltactica.com\/index.php?rest_route=\/wp\/v2\/types\/post"}],"author":[{"embeddable":true,"href":"https:\/\/portaltactica.com\/index.php?rest_route=\/wp\/v2\/users\/2"}],"replies":[{"embeddable":true,"href":"https:\/\/portaltactica.com\/index.php?rest_route=%2Fwp%2Fv2%2Fcomments&post=99745"}],"version-history":[{"count":1,"href":"https:\/\/portaltactica.com\/index.php?rest_route=\/wp\/v2\/posts\/99745\/revisions"}],"predecessor-version":[{"id":99747,"href":"https:\/\/portaltactica.com\/index.php?rest_route=\/wp\/v2\/posts\/99745\/revisions\/99747"}],"wp:featuredmedia":[{"embeddable":true,"href":"https:\/\/portaltactica.com\/index.php?rest_route=\/wp\/v2\/media\/99746"}],"wp:attachment":[{"href":"https:\/\/portaltactica.com\/index.php?rest_route=%2Fwp%2Fv2%2Fmedia&parent=99745"}],"wp:term":[{"taxonomy":"category","embeddable":true,"href":"https:\/\/portaltactica.com\/index.php?rest_route=%2Fwp%2Fv2%2Fcategories&post=99745"},{"taxonomy":"post_tag","embeddable":true,"href":"https:\/\/portaltactica.com\/index.php?rest_route=%2Fwp%2Fv2%2Ftags&post=99745"}],"curies":[{"name":"wp","href":"https:\/\/api.w.org\/{rel}","templated":true}]}}