{"id":99739,"date":"2025-11-10T15:40:45","date_gmt":"2025-11-10T22:40:45","guid":{"rendered":"https:\/\/portaltactica.com\/?p=99739"},"modified":"2025-11-10T15:40:56","modified_gmt":"2025-11-10T22:40:56","slug":"fifa-ratifica-al-estadio-banorte-como-sede-del-mundial-2026-pese-a-presiones-desde-ee-uu","status":"publish","type":"post","link":"https:\/\/portaltactica.com\/?p=99739","title":{"rendered":"FIFA ratifica al estadio Banorte como sede del Mundial 2026 pese a presiones desde EE.UU."},"content":{"rendered":"\n<p><strong>M\u00e9xico<\/strong>\u00a0se mantiene firme como sede del partido inaugural de la pr\u00f3xima\u00a0Copa Mundial de la FIFA.<\/p>\n\n\n\n<p>Durante la presentaci\u00f3n oficial, encabezada por la presidenta&nbsp;<strong>Claudia Sheinbaum<\/strong>, se confirm\u00f3 que el 11 de junio del 2026 dar\u00e1 inicio el campeonato en la cancha del estadio&nbsp;<strong>Ciudad de M\u00e9xico<\/strong>&nbsp;(Banorte), anteriormente conocido como&nbsp;<strong>Azteca<\/strong>.<\/p>\n\n\n\n<p>La&nbsp;<strong>FIFA<\/strong>&nbsp;apel\u00f3 a la historia que&nbsp;<strong>M\u00e9xico<\/strong>&nbsp;tiene como sede de dos&nbsp;<strong>Mundiales<\/strong>&nbsp;y que est\u00e1 a punto de convertirse en el \u00fanico pa\u00eds en fungir como sede de tres ediciones distintas de la justa.<\/p>\n\n\n\n<p>Desde la designaci\u00f3n de&nbsp;<strong>Norteam\u00e9rica<\/strong>&nbsp;como sede en 2018, se supo que el&nbsp;<strong>Coloso de Santa \u00darsula&nbsp;<\/strong>ser\u00eda el recinto ideal para el pitazo inicial del torneo, as\u00ed lo dio a conocer&nbsp;<strong>Jurgen Mainka<\/strong>, director general de la FIFA en M\u00e9xico.<\/p>\n\n\n\n<p>\u201cLa decisi\u00f3n de la inauguraci\u00f3n en&nbsp;<strong>M\u00e9xico&nbsp;<\/strong>es una muy l\u00f3gica, puesto que es el pa\u00eds \u2014 de los tres que est\u00e1n en la candidatura \u2014 con la historia m\u00e1s profunda con tres&nbsp;<strong>Mundiales<\/strong>\u201d, mencion\u00f3 Mainka.<\/p>\n\n\n\n<p>\u201cEsta decisi\u00f3n se dio cuando se anunci\u00f3 el calendario hace 10 meses y nunca ha estado en duda que aqu\u00ed es la inauguraci\u00f3n el 11 de junio en el estadio&nbsp;<strong>Ciudad de M\u00e9xico<\/strong>\u201d, agreg\u00f3.<\/p>\n\n\n\n<p>Y es que la fuerte relaci\u00f3n entre&nbsp;<strong>FIFA<\/strong>&nbsp;y&nbsp;<strong>Estados Unidos<\/strong>, particularmente con el presidente&nbsp;<strong>Donald Trump<\/strong>, ha metido temor en la poblaci\u00f3n mexicana ante un rotundo cambio de planes que llevase el partido inaugural a territorio estadounidense.<\/p>\n\n\n\n<p>Sin embargo, en la presentaci\u00f3n de la&nbsp;<strong>Copa Mundial 2026<\/strong>&nbsp;se reiter\u00f3 a la capital mexicana como sede definitiva del partido.<\/p>\n\n\n\n<p>\u201cNunca dudamos que la inauguraci\u00f3n fuera a ser en nuestro pa\u00eds\u201d, declar\u00f3 la presidenta&nbsp;<strong>Sheinbaum<\/strong>. \u201cAdem\u00e1s, hay una muy buena coordinaci\u00f3n. Ya escucharon al representante de la&nbsp;<strong>FIFA<\/strong>&nbsp;aqu\u00ed en&nbsp;<strong>M\u00e9xico<\/strong>&nbsp;sobre este trabajo que lleva muchos meses\u201d.<\/p>\n\n\n\n<p>\u201cDesde que entramos al gobierno y nombr\u00e9 a&nbsp;<strong>Gaby Cuevas<\/strong>&nbsp;como la responsable de toda la organizaci\u00f3n ha habido un trabajo coordinado con<strong>&nbsp;FIFA<\/strong>, pero tambi\u00e9n con los estados y dentro del gobierno, porque son muchos detalles y trabajo que se tiene que hacer, desde seguridad hasta temas organizativos que son indispensables para que se lleve a cabo el&nbsp;<strong>Mundial&nbsp;<\/strong>de la mejor manera en nuestro pa\u00eds. Va a ser un buen momento, ya falta poco\u201d, concluy\u00f3.<\/p>\n<div class='share-to-whatsapp-wrapper'><div class='share-on-whsp'>Share on: <\/div><a data-text='FIFA ratifica al estadio Banorte como sede del Mundial 2026 pese a presiones desde EE.UU.' data-link='https:\/\/portaltactica.com\/?p=99739' class='whatsapp-button whatsapp-share'>WhatsApp<\/a><div class='clear '><\/div><\/div>","protected":false},"excerpt":{"rendered":"<p>M\u00e9xico\u00a0se mantiene firme como sede del partido inaugural de la pr\u00f3xima\u00a0Copa Mundial de la FIFA. Durante la presentaci\u00f3n oficial, encabezada por&hellip;<\/p>\n","protected":false},"author":2,"featured_media":99740,"comment_status":"closed","ping_status":"closed","sticky":false,"template":"","format":"standard","meta":{"advanced_seo_description":"","jetpack_seo_html_title":"","jetpack_seo_noindex":false,"_jetpack_memberships_contains_paid_content":false,"footnotes":"","jetpack_publicize_message":"","jetpack_publicize_feature_enabled":true,"jetpack_social_post_already_shared":true,"jetpack_social_options":{"image_generator_settings":{"template":"highway","default_image_id":0,"font":"","enabled":false},"version":2}},"categories":[1896],"tags":[],"class_list":["post-99739","post","type-post","status-publish","format-standard","has-post-thumbnail","hentry","category-destacado-portada"],"jetpack_publicize_connections":[],"jetpack_featured_media_url":"https:\/\/portaltactica.com\/wp-content\/uploads\/2025\/11\/6-7.jpg","jetpack_sharing_enabled":true,"_links":{"self":[{"href":"https:\/\/portaltactica.com\/index.php?rest_route=\/wp\/v2\/posts\/99739","targetHints":{"allow":["GET"]}}],"collection":[{"href":"https:\/\/portaltactica.com\/index.php?rest_route=\/wp\/v2\/posts"}],"about":[{"href":"https:\/\/portaltactica.com\/index.php?rest_route=\/wp\/v2\/types\/post"}],"author":[{"embeddable":true,"href":"https:\/\/portaltactica.com\/index.php?rest_route=\/wp\/v2\/users\/2"}],"replies":[{"embeddable":true,"href":"https:\/\/portaltactica.com\/index.php?rest_route=%2Fwp%2Fv2%2Fcomments&post=99739"}],"version-history":[{"count":1,"href":"https:\/\/portaltactica.com\/index.php?rest_route=\/wp\/v2\/posts\/99739\/revisions"}],"predecessor-version":[{"id":99741,"href":"https:\/\/portaltactica.com\/index.php?rest_route=\/wp\/v2\/posts\/99739\/revisions\/99741"}],"wp:featuredmedia":[{"embeddable":true,"href":"https:\/\/portaltactica.com\/index.php?rest_route=\/wp\/v2\/media\/99740"}],"wp:attachment":[{"href":"https:\/\/portaltactica.com\/index.php?rest_route=%2Fwp%2Fv2%2Fmedia&parent=99739"}],"wp:term":[{"taxonomy":"category","embeddable":true,"href":"https:\/\/portaltactica.com\/index.php?rest_route=%2Fwp%2Fv2%2Fcategories&post=99739"},{"taxonomy":"post_tag","embeddable":true,"href":"https:\/\/portaltactica.com\/index.php?rest_route=%2Fwp%2Fv2%2Ftags&post=99739"}],"curies":[{"name":"wp","href":"https:\/\/api.w.org\/{rel}","templated":true}]}}