{"id":99727,"date":"2025-11-10T13:11:01","date_gmt":"2025-11-10T20:11:01","guid":{"rendered":"https:\/\/portaltactica.com\/?p=99727"},"modified":"2025-11-10T13:11:03","modified_gmt":"2025-11-10T20:11:03","slug":"duro-golpe-para-pumas-macias-sufre-nueva-lesion-de-rodilla-y-estara-fuera-nueve-meses","status":"publish","type":"post","link":"https:\/\/portaltactica.com\/?p=99727","title":{"rendered":"Duro golpe para Pumas: Mac\u00edas sufre nueva lesi\u00f3n de rodilla y estar\u00e1 fuera nueve meses"},"content":{"rendered":"\n<p><strong>Terribles y muy tristes noticias se confirmaron este lunes en torno a Jos\u00e9 Juan Mac\u00edas<\/strong>, quien sali\u00f3 severamente lesionado de la rodilla izquierda el s\u00e1bado pasado ante Cruz Azul.<\/p>\n\n\n\n<p>El&nbsp;<strong>Club Universidad<\/strong>&nbsp;inform\u00f3 este lunes, que el delantero mexicano de 26 a\u00f1os,&nbsp;<strong>sufri\u00f3 una triple lesi\u00f3n en la articulaci\u00f3n<\/strong>, que lo dejar\u00e1 fuera, una vez m\u00e1s, casi por un a\u00f1o.<\/p>\n\n\n\n<p>Las lesiones son:&nbsp;<strong>ruptura completa de ligamento cruzado anterior<\/strong>,&nbsp;<strong>ruptura del ligamento colateral medial<\/strong>&nbsp;y&nbsp;<strong>ruptura del menisco medial<\/strong>&nbsp;de la rodilla izquierda.<\/p>\n\n\n\n<p>Por consiguiente, el futbolista ser\u00e1 operado en pr\u00f3ximos d\u00edas, una vez que la articulaci\u00f3n est\u00e9 en condiciones de tener una intervenci\u00f3n quir\u00fargica, debido a la inflamaci\u00f3n que a\u00fan presenta.<\/p>\n\n\n\n<p>Los&nbsp;<strong>Pumas<\/strong>&nbsp;tambi\u00e9n informaron que&nbsp;<strong>el tiempo estimado de recuperaci\u00f3n ser\u00e1 de unos nueve meses<\/strong>, por lo que si bien le va,&nbsp;<strong>JJ volver\u00eda hasta agosto del 2026.<\/strong><\/p>\n\n\n\n<p>Cabe recordar que fue en una acci\u00f3n totalmente fortuita en la que Mac\u00edas se lesion\u00f3 apenas a los diez minutos de juego, luego de que el futbolista de&nbsp;<strong>Cruz Azul, Jos\u00e9 Paradela, le cayera encima de la rodilla<\/strong>, en una acci\u00f3n en la que ven\u00eda forcejeando con \u00c1lvaro Angulo.<\/p>\n\n\n\n<p>Al caer, el argentino le hizo palanca en la rodilla a Mac\u00edas, quien no alcanz\u00f3 a quitarse a tiempo, con lo que todo el peso del jugador celeste le cay\u00f3 encima y le parti\u00f3 tanto ligamentos como menisco.<\/p>\n\n\n\n<p><strong>\u00bfQu\u00e9 pasar\u00e1 con Mac\u00edas, lo renovar\u00e1 Pumas?<\/strong><\/p>\n\n\n\n<p>Ahora la gran inc\u00f3gnita es saber qu\u00e9 suceder\u00e1 con Jos\u00e9 Juan, toda vez que su contrato con&nbsp;<strong>Pumas<\/strong>&nbsp;solamente era por este&nbsp;<strong>Apertura 2025<\/strong>, justamente por venir de dos a\u00f1os casi semiretirado, debido a dos lesiones de ligamentos de la rodilla.<\/p>\n\n\n\n<p>En lo personal, le hab\u00eda ido muy bien con los auriazules, ya que en este semestre acumul\u00f3 once partidos, cinco como titular y marc\u00f3 cuatro goles.<\/p>\n\n\n\n<p>N\u00fameros que seguramente le iban a dar una renovaci\u00f3n con&nbsp;<strong>Universidad Nacional<\/strong>&nbsp;al t\u00e9rmino de este torneo. Sin embargo con esta lesi\u00f3n, habr\u00e1 que esperar a la decisi\u00f3n de la directiva, ya que el club si opta por renovarlo, aceptar\u00e1 que tendr\u00e1 a un futbolista inactivo, que ya sufri\u00f3 una tercer lesi\u00f3n de gravedad en su carrera, fuera por nueve meses, al que deber\u00e1 darle un salario y esperarlo a ver si puede volver a tener el nivel que poco a poco iba mostrando.<\/p>\n<div class='share-to-whatsapp-wrapper'><div class='share-on-whsp'>Share on: <\/div><a data-text='Duro golpe para Pumas: Mac\u00edas sufre nueva lesi\u00f3n de rodilla y estar\u00e1 fuera nueve meses' data-link='https:\/\/portaltactica.com\/?p=99727' class='whatsapp-button whatsapp-share'>WhatsApp<\/a><div class='clear '><\/div><\/div>","protected":false},"excerpt":{"rendered":"<p>Terribles y muy tristes noticias se confirmaron este lunes en torno a Jos\u00e9 Juan Mac\u00edas, quien sali\u00f3 severamente lesionado de la&hellip;<\/p>\n","protected":false},"author":2,"featured_media":99728,"comment_status":"closed","ping_status":"closed","sticky":false,"template":"","format":"standard","meta":{"advanced_seo_description":"","jetpack_seo_html_title":"","jetpack_seo_noindex":false,"_jetpack_memberships_contains_paid_content":false,"footnotes":"","jetpack_publicize_message":"","jetpack_publicize_feature_enabled":true,"jetpack_social_post_already_shared":true,"jetpack_social_options":{"image_generator_settings":{"template":"highway","default_image_id":0,"font":"","enabled":false},"version":2}},"categories":[1897],"tags":[],"class_list":["post-99727","post","type-post","status-publish","format-standard","has-post-thumbnail","hentry","category-destacado-nacional"],"jetpack_publicize_connections":[],"jetpack_featured_media_url":"https:\/\/portaltactica.com\/wp-content\/uploads\/2025\/11\/2-7.jpg","jetpack_sharing_enabled":true,"_links":{"self":[{"href":"https:\/\/portaltactica.com\/index.php?rest_route=\/wp\/v2\/posts\/99727","targetHints":{"allow":["GET"]}}],"collection":[{"href":"https:\/\/portaltactica.com\/index.php?rest_route=\/wp\/v2\/posts"}],"about":[{"href":"https:\/\/portaltactica.com\/index.php?rest_route=\/wp\/v2\/types\/post"}],"author":[{"embeddable":true,"href":"https:\/\/portaltactica.com\/index.php?rest_route=\/wp\/v2\/users\/2"}],"replies":[{"embeddable":true,"href":"https:\/\/portaltactica.com\/index.php?rest_route=%2Fwp%2Fv2%2Fcomments&post=99727"}],"version-history":[{"count":1,"href":"https:\/\/portaltactica.com\/index.php?rest_route=\/wp\/v2\/posts\/99727\/revisions"}],"predecessor-version":[{"id":99729,"href":"https:\/\/portaltactica.com\/index.php?rest_route=\/wp\/v2\/posts\/99727\/revisions\/99729"}],"wp:featuredmedia":[{"embeddable":true,"href":"https:\/\/portaltactica.com\/index.php?rest_route=\/wp\/v2\/media\/99728"}],"wp:attachment":[{"href":"https:\/\/portaltactica.com\/index.php?rest_route=%2Fwp%2Fv2%2Fmedia&parent=99727"}],"wp:term":[{"taxonomy":"category","embeddable":true,"href":"https:\/\/portaltactica.com\/index.php?rest_route=%2Fwp%2Fv2%2Fcategories&post=99727"},{"taxonomy":"post_tag","embeddable":true,"href":"https:\/\/portaltactica.com\/index.php?rest_route=%2Fwp%2Fv2%2Ftags&post=99727"}],"curies":[{"name":"wp","href":"https:\/\/api.w.org\/{rel}","templated":true}]}}