{"id":99703,"date":"2025-11-08T16:22:48","date_gmt":"2025-11-08T23:22:48","guid":{"rendered":"https:\/\/portaltactica.com\/?p=99703"},"modified":"2025-11-08T16:22:48","modified_gmt":"2025-11-08T23:22:48","slug":"emocionante-y-llena-de-talento-arranca-la-decimotercera-edicion-del-campeonato-internacional-de-karate-lpk-mazatlan","status":"publish","type":"post","link":"https:\/\/portaltactica.com\/?p=99703","title":{"rendered":"\u00a1Emocionante y llena de talento! Arranca la decimotercera edici\u00f3n del Campeonato Internacional de Karate LPK Mazatl\u00e1n"},"content":{"rendered":"\n<p>Los mejores karatecas de la regi\u00f3n entran en acci\u00f3n en busca de cosagrarse como los mejores de su categor\u00eda, en el&nbsp; Lobodome de la Universidad Aut\u00f3noma de Durango.<br><br><br>Mazatl\u00e1n,&nbsp; Sinaloa a 8 de noviembre de 2025.- Con la participaci\u00f3n de atletas y entrenadores de diferentes estados de la Rep\u00fablica Mexicana, as\u00ed como integrantes de la selecci\u00f3n de Guatemala, se inaugur\u00f3 la decimotercera edici\u00f3n del Campeonato Internacional de Karate LPK Mazatl\u00e1n, en el Lobodome de la Universidad Aut\u00f3noma de Durango. <br><br>En representaci\u00f3n de la Presidenta del Gobierno de Mazatl\u00e1n, Estrella Palacios Dom\u00ednguez, la ceremonia inaugural cont\u00f3 con la presencia de Fabiola Judith Verde Rosas, directora del Instituto Municipal del Deporte Mazatl\u00e1n, as\u00ed como de Juan Jos\u00e9 Hern\u00e1ndez Liz\u00e1rraga, presidente de LPK M\u00e9xico; Jos\u00e9 Alfonso Res\u00e9ndiz Memije, director del Fideicomiso de Turismo del Estado de Sinaloa; Blanca Nereida Alvarado, coordinadora de la zona sur del Isde, Heriberto Res\u00e9ndiz, coordinador de la Comisi\u00f3n de Juventud y Deporte del Cabildo, entre otras personalidades.<br><br>&#8220;Me siento muy contenta de formar parte de este campeonato internacional de karate. A trav\u00e9s de este Gobierno de Mazatl\u00e1n, que encabeza nuestra Presidenta, la licenciada, Estrella Palacios Dom\u00ednguez, desde el primer dia de su gesti\u00f3n nos pidi\u00f3 trabajar el deporte, por eso hoy les decimos de manera muy sincera, a todos, sean bienvenidos a este su puerto, de Mazatl\u00e1n&#8221;, comparti\u00f3 Verde Rosas.<br><br>Durante este fin de semana, integrantes e los equipos de Baja California, Jalisco, Nayarit, Veracruz, Sonora, Sinaloa y Guatemala, entre otros, competir\u00e1n en diferentes categor\u00edas.<\/p>\n<div class='share-to-whatsapp-wrapper'><div class='share-on-whsp'>Share on: <\/div><a data-text='\u00a1Emocionante y llena de talento! Arranca la decimotercera edici\u00f3n del Campeonato Internacional de Karate LPK Mazatl\u00e1n' data-link='https:\/\/portaltactica.com\/?p=99703' class='whatsapp-button whatsapp-share'>WhatsApp<\/a><div class='clear '><\/div><\/div>","protected":false},"excerpt":{"rendered":"<p>Los mejores karatecas de la regi\u00f3n entran en acci\u00f3n en busca de cosagrarse como los mejores de su categor\u00eda, en el&nbsp;&hellip;<\/p>\n","protected":false},"author":1,"featured_media":99702,"comment_status":"","ping_status":"","sticky":false,"template":"","format":"standard","meta":{"advanced_seo_description":"","jetpack_seo_html_title":"","jetpack_seo_noindex":false,"_jetpack_memberships_contains_paid_content":false,"footnotes":"","jetpack_publicize_message":"","jetpack_publicize_feature_enabled":true,"jetpack_social_post_already_shared":true,"jetpack_social_options":{"image_generator_settings":{"template":"highway","default_image_id":0,"font":"","enabled":false},"version":2}},"categories":[1899],"tags":[37],"class_list":["post-99703","post","type-post","status-publish","format-standard","has-post-thumbnail","hentry","category-destacado-mazatlan","tag-imdem"],"jetpack_publicize_connections":[],"jetpack_featured_media_url":"https:\/\/portaltactica.com\/wp-content\/uploads\/2025\/11\/FB_IMG_1762644111708.jpg","jetpack_sharing_enabled":true,"_links":{"self":[{"href":"https:\/\/portaltactica.com\/index.php?rest_route=\/wp\/v2\/posts\/99703","targetHints":{"allow":["GET"]}}],"collection":[{"href":"https:\/\/portaltactica.com\/index.php?rest_route=\/wp\/v2\/posts"}],"about":[{"href":"https:\/\/portaltactica.com\/index.php?rest_route=\/wp\/v2\/types\/post"}],"author":[{"embeddable":true,"href":"https:\/\/portaltactica.com\/index.php?rest_route=\/wp\/v2\/users\/1"}],"replies":[{"embeddable":true,"href":"https:\/\/portaltactica.com\/index.php?rest_route=%2Fwp%2Fv2%2Fcomments&post=99703"}],"version-history":[{"count":0,"href":"https:\/\/portaltactica.com\/index.php?rest_route=\/wp\/v2\/posts\/99703\/revisions"}],"wp:featuredmedia":[{"embeddable":true,"href":"https:\/\/portaltactica.com\/index.php?rest_route=\/wp\/v2\/media\/99702"}],"wp:attachment":[{"href":"https:\/\/portaltactica.com\/index.php?rest_route=%2Fwp%2Fv2%2Fmedia&parent=99703"}],"wp:term":[{"taxonomy":"category","embeddable":true,"href":"https:\/\/portaltactica.com\/index.php?rest_route=%2Fwp%2Fv2%2Fcategories&post=99703"},{"taxonomy":"post_tag","embeddable":true,"href":"https:\/\/portaltactica.com\/index.php?rest_route=%2Fwp%2Fv2%2Ftags&post=99703"}],"curies":[{"name":"wp","href":"https:\/\/api.w.org\/{rel}","templated":true}]}}