{"id":99562,"date":"2025-11-04T17:56:57","date_gmt":"2025-11-05T00:56:57","guid":{"rendered":"https:\/\/portaltactica.com\/?p=99562"},"modified":"2025-11-04T17:56:59","modified_gmt":"2025-11-05T00:56:59","slug":"gimenez-revela-que-una-lesion-lo-obligara-a-tomar-un-descanso-temporal","status":"publish","type":"post","link":"https:\/\/portaltactica.com\/?p=99562","title":{"rendered":"Gim\u00e9nez revela que una lesi\u00f3n lo obligar\u00e1 a tomar un descanso temporal"},"content":{"rendered":"\n<p><strong>Santiago Gim\u00e9nez<\/strong>\u00a0atraviesa un momento complicado con el\u00a0<strong>Milan<\/strong>\u00a0y ahora su situaci\u00f3n se ha complicado con una lesi\u00f3n. Luego de un inicio de temporada marcado por la\u00a0<strong>falta de gol\u00a0y los rumores sobre una posible transferencia<\/strong>, el delantero mexicano confirm\u00f3 que ha estado jugando durante varios meses con una l<strong>esi\u00f3n que ha limitado su rendimiento dentro del campo.<\/strong><\/p>\n\n\n\n<p>A trav\u00e9s de sus redes sociales, Gim\u00e9nez comparti\u00f3 un mensaje en el que revel\u00f3 los detalles de su estado f\u00edsico. El atacante explic\u00f3 que desde hace meses ha jugado con&nbsp;<strong>molestias en el tobillo<\/strong>, lo que le ha impedido estar en plenitud de condiciones.<\/p>\n\n\n\n<p>\u201cDurante varios meses<strong>&nbsp;he venido jugando con una lesi\u00f3n en el tobillo<\/strong>&nbsp;que no me ha permitido estar al 100%, ni sentirme c\u00f3modo en la cancha. Con muchas ganas de seguir ayudando al equipo,&nbsp;<strong>segu\u00ed jugando, pero el dolor fue creciendo y lleg\u00f3 el momento de parar.<\/strong>&nbsp;Ahora toca recuperarme y prepararme para estar con ustedes lo antes posible. Dios tiene el control. Gracias por el apoyo,<strong>&nbsp;nos vemos pronto<\/strong>\u201d, escribi\u00f3 el delantero.<\/p>\n\n\n\n<h2 class=\"wp-block-heading\">Un inicio de temporada dif\u00edcil para el mexicano<\/h2>\n\n\n\n<p>En las primeras diez jornadas del campeonato italiano en las cuales s\u00f3lo ha jugado nueve partidos, Santiago Gim\u00e9nez&nbsp;<strong>no ha logrado marcar un solo gol<\/strong>. Su \u00fanica anotaci\u00f3n en la campa\u00f1a ocurri\u00f3 en la&nbsp;<strong>Coppa Italia,<\/strong>&nbsp;un registro que contrasta con su desempe\u00f1o en temporadas anteriores, tanto en el&nbsp;<strong>Feyenoord&nbsp;<\/strong>como en su primera campa\u00f1a con los rossoneros.<\/p>\n\n\n\n<p>De acuerdo con el diario italiano La Gazzetta dello Sport, el club rossonero ha establecido un plazo para evaluar su continuidad. La directiva del Milan, junto con el cuerpo t\u00e9cnico encabezado por&nbsp;<strong>Massimiliano Allegri<\/strong>, habr\u00eda fijado el&nbsp;<strong>mes de enero<\/strong>&nbsp;como fecha l\u00edmite para determinar si Gim\u00e9nez&nbsp;<strong>permanecer\u00e1 en el equipo o si buscar\u00e1n su salida en el mercado invernal.<\/strong><\/p>\n\n\n\n<h2 class=\"wp-block-heading\">Historial de lesiones que preocupa en el Milan<\/h2>\n\n\n\n<p>El caso de Gim\u00e9nez no es aislado. En los \u00faltimos dos a\u00f1os, el atacante mexicano&nbsp;<strong>ha sufrido diversas lesiones musculares y contusiones&nbsp;<\/strong>que han afectado su continuidad. Seg\u00fan reportes m\u00e9dicos,<strong>&nbsp;desde 2024 se ha perdido un total de 20 partidos por cuatro lesiones distintas.<\/strong><\/p>\n\n\n\n<p>Durante su paso por el Milan, ha presentado un&nbsp;<strong>hematoma en el tobillo&nbsp;<\/strong>(la lesi\u00f3n actual y por la cual no particip\u00f3 en el encuentro m\u00e1s reciente del Milan), y una&nbsp;<strong>contusi\u00f3n<\/strong>&nbsp;que lo mantuvo fuera durante diez d\u00edas. Antes de llegar al club italiano, ya hab\u00eda padecido&nbsp;<strong>problemas musculares en los muslos<\/strong>&nbsp;y una lesi\u00f3n similar en los \u00faltimos meses con el&nbsp;<strong>Feyenoord.<\/strong><\/p>\n\n\n\n<p>Aunque el propio jugador no precis\u00f3 el tiempo que tardar\u00e1 en recuperarse, Allegri declar\u00f3 antes del duelo ante la Roma que Santiago Gim\u00e9nez se encuentra en&nbsp;<strong>proceso de rehabilitaci\u00f3n<\/strong>. El estratega se\u00f1al\u00f3 que el objetivo es tenerlo disponible para el&nbsp;<strong>partido frente al Parma<\/strong>, programado para el 8 de noviembre.<\/p>\n\n\n\n<h2 class=\"wp-block-heading\">El futuro de Santiago Gim\u00e9nez&nbsp;<\/h2>\n\n\n\n<p>El panorama para el delantero mexicano es incierto. Su rendimiento en los pr\u00f3ximos meses podr\u00eda ser determinante para definir su permanencia en el Milan. Si logra superar la lesi\u00f3n y recuperar su nivel goleador, el club podr\u00eda reconsiderar su continuidad; sin embargo, de no conseguirlo, las versiones sobre una posible transferencia a la Roma o a otro equipo de la Serie A podr\u00edan tomar fuerza durante el invierno.<\/p>\n\n\n\n<p>Mientras tanto, Gim\u00e9nez se enfoca en su recuperaci\u00f3n con el objetivo de volver a las canchas lo antes posible y retomar su papel como una de las principales promesas del f\u00fatbol mexicano en Europa.<\/p>\n<div class='share-to-whatsapp-wrapper'><div class='share-on-whsp'>Share on: <\/div><a data-text='Gim\u00e9nez revela que una lesi\u00f3n lo obligar\u00e1 a tomar un descanso temporal' data-link='https:\/\/portaltactica.com\/?p=99562' class='whatsapp-button whatsapp-share'>WhatsApp<\/a><div class='clear '><\/div><\/div>","protected":false},"excerpt":{"rendered":"<p>Santiago Gim\u00e9nez\u00a0atraviesa un momento complicado con el\u00a0Milan\u00a0y ahora su situaci\u00f3n se ha complicado con una lesi\u00f3n. Luego de un inicio de&hellip;<\/p>\n","protected":false},"author":2,"featured_media":99567,"comment_status":"closed","ping_status":"closed","sticky":false,"template":"","format":"standard","meta":{"advanced_seo_description":"","jetpack_seo_html_title":"","jetpack_seo_noindex":false,"_jetpack_memberships_contains_paid_content":false,"footnotes":"","jetpack_publicize_message":"","jetpack_publicize_feature_enabled":true,"jetpack_social_post_already_shared":true,"jetpack_social_options":{"image_generator_settings":{"template":"highway","default_image_id":0,"font":"","enabled":false},"version":2}},"categories":[1896],"tags":[],"class_list":["post-99562","post","type-post","status-publish","format-standard","has-post-thumbnail","hentry","category-destacado-portada"],"jetpack_publicize_connections":[],"jetpack_featured_media_url":"https:\/\/portaltactica.com\/wp-content\/uploads\/2025\/11\/8-2.jpg","jetpack_sharing_enabled":true,"_links":{"self":[{"href":"https:\/\/portaltactica.com\/index.php?rest_route=\/wp\/v2\/posts\/99562","targetHints":{"allow":["GET"]}}],"collection":[{"href":"https:\/\/portaltactica.com\/index.php?rest_route=\/wp\/v2\/posts"}],"about":[{"href":"https:\/\/portaltactica.com\/index.php?rest_route=\/wp\/v2\/types\/post"}],"author":[{"embeddable":true,"href":"https:\/\/portaltactica.com\/index.php?rest_route=\/wp\/v2\/users\/2"}],"replies":[{"embeddable":true,"href":"https:\/\/portaltactica.com\/index.php?rest_route=%2Fwp%2Fv2%2Fcomments&post=99562"}],"version-history":[{"count":1,"href":"https:\/\/portaltactica.com\/index.php?rest_route=\/wp\/v2\/posts\/99562\/revisions"}],"predecessor-version":[{"id":99568,"href":"https:\/\/portaltactica.com\/index.php?rest_route=\/wp\/v2\/posts\/99562\/revisions\/99568"}],"wp:featuredmedia":[{"embeddable":true,"href":"https:\/\/portaltactica.com\/index.php?rest_route=\/wp\/v2\/media\/99567"}],"wp:attachment":[{"href":"https:\/\/portaltactica.com\/index.php?rest_route=%2Fwp%2Fv2%2Fmedia&parent=99562"}],"wp:term":[{"taxonomy":"category","embeddable":true,"href":"https:\/\/portaltactica.com\/index.php?rest_route=%2Fwp%2Fv2%2Fcategories&post=99562"},{"taxonomy":"post_tag","embeddable":true,"href":"https:\/\/portaltactica.com\/index.php?rest_route=%2Fwp%2Fv2%2Ftags&post=99562"}],"curies":[{"name":"wp","href":"https:\/\/api.w.org\/{rel}","templated":true}]}}