{"id":99456,"date":"2025-10-31T15:51:08","date_gmt":"2025-10-31T22:51:08","guid":{"rendered":"https:\/\/portaltactica.com\/?p=99456"},"modified":"2025-10-31T15:51:14","modified_gmt":"2025-10-31T22:51:14","slug":"uefa-selecciona-las-ciudades-que-albergaran-las-finales-de-champions-league-en-2028-y-2029","status":"publish","type":"post","link":"https:\/\/portaltactica.com\/?p=99456","title":{"rendered":"UEFA selecciona las ciudades que albergar\u00e1n las Finales de Champions League en 2028 y 2029"},"content":{"rendered":"\n<p>El camino de la&nbsp;<strong>Champions League<\/strong>&nbsp;est\u00e1 trazado en cuanto a sedes de las&nbsp;<strong>Finales<\/strong>&nbsp;se refiere ya que la&nbsp;<strong>UEFA<\/strong>&nbsp;ha anunciado oficialmente cu\u00e1les ser\u00e1n los inmuebles involucrados a partir&nbsp;<strong>de 2026 hasta 2029<\/strong>, dejando una cantidad de tiempo bastante considerable para todos los pa\u00edses que ser\u00e1n sede de poder recibir de la mejor manera la&nbsp;<strong>definici\u00f3n titular.<\/strong><\/p>\n\n\n\n<p>Con algunas sedes repetidas,&nbsp;<strong>&#8216;La Orejona&#8217;<\/strong>&nbsp;tendr\u00e1 partidos de&nbsp;<strong>Gran Final&nbsp;<\/strong>en diferentes pa\u00edses hasta antes de la siguiente d\u00e9cada, ya que a partir de&nbsp;<strong>2030<\/strong>&nbsp;no se sabe en d\u00f3nde se van a jugar<strong>&nbsp;dichos encuentros<\/strong>.<\/p>\n\n\n\n<h2 class=\"wp-block-heading\"><strong>\u00bfD\u00f3nde se jugar\u00e1n las siguientes Finales de Champions?<\/strong><\/h2>\n\n\n\n<p>El anuncio m\u00e1s reciente tiene que ver con&nbsp;<strong>2028 y 2029<\/strong>, \u00faltimas dos sedes dentro de las que ya han sido reveladas. Comenzando por 2028, la Gran Final ser\u00e1 en el&nbsp;<strong>Allianz Arena, estadio del Bayern M\u00fanich<\/strong>, donde casualmente se jug\u00f3 la m\u00e1s reciente de las definiciones por el trofeo m\u00e1s codiciado de Europa a nivel de clubes entre&nbsp;<strong>PSG e Inter de Mil\u00e1n.<\/strong><\/p>\n\n\n\n<p>Uno de los temas importantes est\u00e1 en saber d\u00f3nde se jugar\u00e1 la&nbsp;<strong>Final de 2029<\/strong>, ya que hay un par de estadios en la contienda para poder llevarse el mote de sede:&nbsp;<strong>Wembley o el renovado Camp Nou del Barcelona<\/strong>, llevando quiz\u00e1s la delantera el estadio de Inglaterra tomando en cuenta que el del equipo cul\u00e9 est\u00e1 por&nbsp;<strong>reabrir pr\u00f3ximamente.<\/strong><\/p>\n\n\n\n<p>Previo a eso, la Final de&nbsp;<strong>2026<\/strong>&nbsp;(a\u00f1o mundialista)&nbsp;<strong>se jugar\u00e1 en el Pusk\u00e1s Arena de Budapest<\/strong>; por otro lado, la Final de&nbsp;<strong>2027<\/strong>&nbsp;se llevar\u00e1 a cabo en el&nbsp;<strong>Estadio Metropolitano del Atl\u00e9tico de Madrid<\/strong>, recinto en el que se jug\u00f3 la Final de la temporada 2018-2019 con<strong>&nbsp;Liverpool gan\u00e1ndole a Tottenham.<\/strong><\/p>\n\n\n\n<h2 class=\"wp-block-heading\"><strong>Opiniones de la gente<\/strong><\/h2>\n\n\n\n<p>En<strong>&nbsp;redes sociales<\/strong>&nbsp;ya se han comenzado a ver las respuestas de la gente acerca de las&nbsp;<strong>nuevas sedes anunciadas<\/strong>&nbsp;pabra las Finales del torneo de clubes m\u00e1s importante en&nbsp;<strong>Europa<\/strong>, pues para algunos madridistas la posibilidad de que<strong>&nbsp;Real Madrid<\/strong>&nbsp;se corone en el estadio de su ac\u00e9rrimo rival es&nbsp;<strong>bastante llamativa<\/strong>.<\/p>\n\n\n\n<p>Por otro lado, tambi\u00e9n existen reacciones en las que se ha comentado acerca de la&nbsp;<strong>poca repartici\u00f3n con otros pa\u00edses y estadios<\/strong>, ya que, en dado caso de concretarse&nbsp;<strong>Wembley&nbsp;<\/strong>como la sede para 2029, desde&nbsp;<strong>2010<\/strong>&nbsp;ser\u00eda la tercera ocasi\u00f3n en la que se juega una Final en el estadio ingl\u00e9s, mientras que hay otros como el&nbsp;<strong>Santiago Bernab\u00e9u<\/strong>&nbsp;en donde no se ha jugado ninguna desde&nbsp;<strong>ese mismo a\u00f1o<\/strong>.<\/p>\n\n\n\n<p>Tambi\u00e9n hay comentarios&nbsp;<strong>en tono de broma<\/strong>, pues algunas personas han mencionado en tono sarc\u00e1stico que no se debe de elegir el<strong>&nbsp;renovado estadio de Barcelona&nbsp;<\/strong>como sede para 2029, ya que ha tenido muchos problemas para poder&nbsp;<strong>reinaugurarse<\/strong>&nbsp;y por el contrario el de Wembley ha albergado al menos&nbsp;<strong>un par de Finales m\u00e1s<\/strong>, contando incluso la de 2024, una de las m\u00e1s recientes.<\/p>\n<div class='share-to-whatsapp-wrapper'><div class='share-on-whsp'>Share on: <\/div><a data-text='UEFA selecciona las ciudades que albergar\u00e1n las Finales de Champions League en 2028 y 2029' data-link='https:\/\/portaltactica.com\/?p=99456' class='whatsapp-button whatsapp-share'>WhatsApp<\/a><div class='clear '><\/div><\/div>","protected":false},"excerpt":{"rendered":"<p>El camino de la&nbsp;Champions League&nbsp;est\u00e1 trazado en cuanto a sedes de las&nbsp;Finales&nbsp;se refiere ya que la&nbsp;UEFA&nbsp;ha anunciado oficialmente cu\u00e1les ser\u00e1n los&hellip;<\/p>\n","protected":false},"author":2,"featured_media":99457,"comment_status":"closed","ping_status":"closed","sticky":false,"template":"","format":"standard","meta":{"advanced_seo_description":"","jetpack_seo_html_title":"","jetpack_seo_noindex":false,"_jetpack_memberships_contains_paid_content":false,"footnotes":"","jetpack_publicize_message":"","jetpack_publicize_feature_enabled":true,"jetpack_social_post_already_shared":true,"jetpack_social_options":{"image_generator_settings":{"template":"highway","default_image_id":0,"font":"","enabled":false},"version":2}},"categories":[1896],"tags":[],"class_list":["post-99456","post","type-post","status-publish","format-standard","has-post-thumbnail","hentry","category-destacado-portada"],"jetpack_publicize_connections":[],"jetpack_featured_media_url":"https:\/\/portaltactica.com\/wp-content\/uploads\/2025\/10\/6-12.jpg","jetpack_sharing_enabled":true,"_links":{"self":[{"href":"https:\/\/portaltactica.com\/index.php?rest_route=\/wp\/v2\/posts\/99456","targetHints":{"allow":["GET"]}}],"collection":[{"href":"https:\/\/portaltactica.com\/index.php?rest_route=\/wp\/v2\/posts"}],"about":[{"href":"https:\/\/portaltactica.com\/index.php?rest_route=\/wp\/v2\/types\/post"}],"author":[{"embeddable":true,"href":"https:\/\/portaltactica.com\/index.php?rest_route=\/wp\/v2\/users\/2"}],"replies":[{"embeddable":true,"href":"https:\/\/portaltactica.com\/index.php?rest_route=%2Fwp%2Fv2%2Fcomments&post=99456"}],"version-history":[{"count":1,"href":"https:\/\/portaltactica.com\/index.php?rest_route=\/wp\/v2\/posts\/99456\/revisions"}],"predecessor-version":[{"id":99458,"href":"https:\/\/portaltactica.com\/index.php?rest_route=\/wp\/v2\/posts\/99456\/revisions\/99458"}],"wp:featuredmedia":[{"embeddable":true,"href":"https:\/\/portaltactica.com\/index.php?rest_route=\/wp\/v2\/media\/99457"}],"wp:attachment":[{"href":"https:\/\/portaltactica.com\/index.php?rest_route=%2Fwp%2Fv2%2Fmedia&parent=99456"}],"wp:term":[{"taxonomy":"category","embeddable":true,"href":"https:\/\/portaltactica.com\/index.php?rest_route=%2Fwp%2Fv2%2Fcategories&post=99456"},{"taxonomy":"post_tag","embeddable":true,"href":"https:\/\/portaltactica.com\/index.php?rest_route=%2Fwp%2Fv2%2Ftags&post=99456"}],"curies":[{"name":"wp","href":"https:\/\/api.w.org\/{rel}","templated":true}]}}