{"id":99450,"date":"2025-10-31T13:38:46","date_gmt":"2025-10-31T20:38:46","guid":{"rendered":"https:\/\/portaltactica.com\/?p=99450"},"modified":"2025-10-31T13:38:49","modified_gmt":"2025-10-31T20:38:49","slug":"adios-al-mundial-anderlecht-informa-sobre-la-lesion-de-chino-huerta","status":"publish","type":"post","link":"https:\/\/portaltactica.com\/?p=99450","title":{"rendered":"\u00bfAdi\u00f3s al Mundial? Anderlecht informa sobre la lesi\u00f3n de Chino Huerta"},"content":{"rendered":"\n<p>Lo que parec\u00eda ser una temporada de ensue\u00f1o para los mexicanos en Europa, est\u00e1 terminado por ser una aut\u00e9ntica pesadilla, pues de cara a la\u00a0<strong>Copa del Mundo 2026<\/strong>, varios jugadores que viv\u00edan gran momento en su club y selecci\u00f3n, han resultado lesionados, tal es el caso de\u00a0<strong>C\u00e9sar \u2018Chino\u2019 Huerta<\/strong>, jugador de\u00a0<strong>Anderlecht<\/strong>.<\/p>\n\n\n\n<h2 class=\"wp-block-heading\">\u00bfQu\u00e9 le pas\u00f3 al Chino?<\/h2>\n\n\n\n<p>Seg\u00fan la informaci\u00f3n proporcionada por el club belga, Huerta fue sometido a una resonancia magn\u00e9tica tras unas molestias que hab\u00eda acarreado desde el juego de la&nbsp;<strong>Copa del B\u00e9lgica<\/strong>&nbsp;ante el&nbsp;<strong>KVK Ninove<\/strong>, mismo que tambi\u00e9n significaba su regreso tras una lesi\u00f3n de pelvis que lo mantuvo fuera un par de semanas.<\/p>\n\n\n\n<p>Aunque el equipo crey\u00f3 que se hab\u00eda resentido, los estudios mostraron resultados negativos, pues aunque no se especific\u00f3 cual era la lesi\u00f3n del jugador, el club si notific\u00f3 que va a estar fuera varias semanas, por lo menos todo el mes de noviembre.<\/p>\n\n\n\n<p>\u201cLe hicimos otra resonancia magn\u00e9tica y parece que tendremos que prescindir de \u00e9l durante varias semanas&#8221;, comparti\u00f3&nbsp;<strong>Besnik Hasi<\/strong>, entrenador del club belga, durante una conferencia de prensa.<\/p>\n\n\n\n<h2 class=\"wp-block-heading\">\u00bfAdi\u00f3s a la Selecci\u00f3n Mexicana?<\/h2>\n\n\n\n<p>Pese a que la lesi\u00f3n de Huerta no es una de tan largo plazo, esta si lo tendr\u00e1 fuera de la convocatoria de&nbsp;<strong>Javier \u2018Vasco\u2019 Aguirre<\/strong>&nbsp;con la<strong>&nbsp;Selecci\u00f3n Mexicana<\/strong>, para la \u00faltima&nbsp;<strong>Fecha FIFA<\/strong>&nbsp;en noviembre, en las cuales M\u00e9xico enfrentar\u00e1 a Uruguay (15 de noviembre) y a Paraguay (18 de noviembre).<\/p>\n\n\n\n<p>La mala noticia para las aspiraciones mundialistas del Chino es que esta era la \u00faltima vez que el equipo mexicano concentrar\u00e1 previo al 2026, pues la pr\u00f3xima vez que las selecciones nacionales tengan campamento ser\u00e1 hasta marzo de 2026, donde seguramente el Vasco ya tendr\u00e1 definida su lista para el mundial.<\/p>\n\n\n\n<h2 class=\"wp-block-heading\">Problemas de lesionados para M\u00e9xico<\/h2>\n\n\n\n<p>Una vez m\u00e1s la tragedia toc\u00f3 en la puerta del balompi\u00e9 nacional, pues a poco m\u00e1s de ocho meses de que ruede el&nbsp;<strong>Trionada<\/strong>&nbsp;en la cancha del&nbsp;<strong>Estadio Banorte (Azteca)<\/strong>, el Chino se une a la lista de jugadores que sufrieron lesiones en v\u00edspera del m\u00e1ximo campeonato mundial.<\/p>\n\n\n\n<p>En caso de regresara a finales de a\u00f1o, el Chino tendr\u00e1 que cerrar de la mejor manera posible su temporada en el viejo continente, si es que desea ser parte de los 26 seleccionados para representar al combinado Tricolor en la pr\u00f3xima C<strong>opa del Mundo M\u00e9xico-Estados Unidos-Canad\u00e1 2026<\/strong>.<\/p>\n<div class='share-to-whatsapp-wrapper'><div class='share-on-whsp'>Share on: <\/div><a data-text='\u00bfAdi\u00f3s al Mundial? Anderlecht informa sobre la lesi\u00f3n de Chino Huerta' data-link='https:\/\/portaltactica.com\/?p=99450' class='whatsapp-button whatsapp-share'>WhatsApp<\/a><div class='clear '><\/div><\/div>","protected":false},"excerpt":{"rendered":"<p>Lo que parec\u00eda ser una temporada de ensue\u00f1o para los mexicanos en Europa, est\u00e1 terminado por ser una aut\u00e9ntica pesadilla, pues&hellip;<\/p>\n","protected":false},"author":2,"featured_media":99451,"comment_status":"closed","ping_status":"closed","sticky":false,"template":"","format":"standard","meta":{"advanced_seo_description":"","jetpack_seo_html_title":"","jetpack_seo_noindex":false,"_jetpack_memberships_contains_paid_content":false,"footnotes":"","jetpack_publicize_message":"","jetpack_publicize_feature_enabled":true,"jetpack_social_post_already_shared":true,"jetpack_social_options":{"image_generator_settings":{"template":"highway","default_image_id":0,"font":"","enabled":false},"version":2}},"categories":[1898],"tags":[],"class_list":["post-99450","post","type-post","status-publish","format-standard","has-post-thumbnail","hentry","category-destacado-internacional"],"jetpack_publicize_connections":[],"jetpack_featured_media_url":"https:\/\/portaltactica.com\/wp-content\/uploads\/2025\/10\/4-19.jpg","jetpack_sharing_enabled":true,"_links":{"self":[{"href":"https:\/\/portaltactica.com\/index.php?rest_route=\/wp\/v2\/posts\/99450","targetHints":{"allow":["GET"]}}],"collection":[{"href":"https:\/\/portaltactica.com\/index.php?rest_route=\/wp\/v2\/posts"}],"about":[{"href":"https:\/\/portaltactica.com\/index.php?rest_route=\/wp\/v2\/types\/post"}],"author":[{"embeddable":true,"href":"https:\/\/portaltactica.com\/index.php?rest_route=\/wp\/v2\/users\/2"}],"replies":[{"embeddable":true,"href":"https:\/\/portaltactica.com\/index.php?rest_route=%2Fwp%2Fv2%2Fcomments&post=99450"}],"version-history":[{"count":1,"href":"https:\/\/portaltactica.com\/index.php?rest_route=\/wp\/v2\/posts\/99450\/revisions"}],"predecessor-version":[{"id":99452,"href":"https:\/\/portaltactica.com\/index.php?rest_route=\/wp\/v2\/posts\/99450\/revisions\/99452"}],"wp:featuredmedia":[{"embeddable":true,"href":"https:\/\/portaltactica.com\/index.php?rest_route=\/wp\/v2\/media\/99451"}],"wp:attachment":[{"href":"https:\/\/portaltactica.com\/index.php?rest_route=%2Fwp%2Fv2%2Fmedia&parent=99450"}],"wp:term":[{"taxonomy":"category","embeddable":true,"href":"https:\/\/portaltactica.com\/index.php?rest_route=%2Fwp%2Fv2%2Fcategories&post=99450"},{"taxonomy":"post_tag","embeddable":true,"href":"https:\/\/portaltactica.com\/index.php?rest_route=%2Fwp%2Fv2%2Ftags&post=99450"}],"curies":[{"name":"wp","href":"https:\/\/api.w.org\/{rel}","templated":true}]}}