{"id":99447,"date":"2025-10-31T12:29:16","date_gmt":"2025-10-31T19:29:16","guid":{"rendered":"https:\/\/portaltactica.com\/?p=99447"},"modified":"2025-10-31T12:29:19","modified_gmt":"2025-10-31T19:29:19","slug":"pizarro-asegura-que-el-clasico-regio-es-el-partido-mas-apasionado-de-mexico","status":"publish","type":"post","link":"https:\/\/portaltactica.com\/?p=99447","title":{"rendered":"Pizarro asegura que el Cl\u00e1sico Regio es el partido m\u00e1s apasionado de M\u00e9xico"},"content":{"rendered":"\n<p>Luego de que en la capital del pa\u00eds han estado\u00a0<strong>demeritando el Cl\u00e1sico Regio<\/strong>,\u00a0<strong>Guido Pizarro\u00a0<\/strong>consider\u00f3 que es normal que en el centro vean m\u00e1s importante al\u00a0<strong>Cl\u00e1sico Nacional<\/strong>, pero est\u00e1 convencido de que\u00a0<strong>el m\u00e1s pasional es el duelo entre Tigres y Rayados.<\/strong><\/p>\n\n\n\n<h2 class=\"wp-block-heading\"><strong>Pizarro habla de la pol\u00e9mica<\/strong><\/h2>\n\n\n\n<blockquote class=\"wp-block-quote is-layout-flow wp-block-quote-is-layout-flow\">\n<p><strong>\u201cEs normal que los de M\u00e9xico digan que el Cl\u00e1sico Nacional es m\u00e1s importante, los de ac\u00e1, para nosotros, creo que para todos los que estamos ac\u00e1,&nbsp;creemos que el de ac\u00e1 es m\u00e1s importante a nivel plantilla, a nivel pasi\u00f3n, a nivel de c\u00f3mo se vive la semana al d\u00eda a d\u00eda ac\u00e1, por lo que comentan la gente que ha estado en ese Cl\u00e1sico, no se vive tan pasional como el d\u00eda a d\u00eda ac\u00e1 en la calle, a los jugadores, a nosotros mismos&#8221;.<\/strong>\u201cPero es normal que est\u00e9 esa<strong>&nbsp;pol\u00e9mica o esa diferencia con los de all\u00e1 y los de ac\u00e1<\/strong>, para nosotros que estamos ac\u00e1, me imagino ustedes tambi\u00e9n,<strong>&nbsp;para nosotros el m\u00e1s importante es el de ac\u00e1<\/strong>, porque tambi\u00e9n nos mueve la pasi\u00f3n y la gente de ac\u00e1 es muy pasional,&nbsp;<strong>la gente es muy intensa en el d\u00eda a d\u00eda<\/strong>; entonces eso a nosotros nos llega mucho m\u00e1s, pero bueno, despu\u00e9s cada uno tendr\u00e1 su opini\u00f3n al respecto, pero en lo personal, pienso que el de ac\u00e1 tiene mucha m\u00e1s pasi\u00f3n\u201d.<\/p>\n<\/blockquote>\n\n\n\n<h2 class=\"wp-block-heading\">El Conde sobre Domenec<\/h2>\n\n\n\n<p>Sobre las palabras de\u00a0<strong>Domenec Torrent<\/strong>, quien catalog\u00f3 al\u00a0<strong>Cl\u00e1sico Regio como un juego m\u00e1s<\/strong>, Guido Pizarro consider\u00f3 que en Tigres lo ven como\u00a0<strong>el juego m\u00e1s importante del torneo<\/strong>\u00a0y no es un partido normal de fase regular.<\/p>\n\n\n\n<blockquote class=\"wp-block-quote is-layout-flow wp-block-quote-is-layout-flow\">\n<p>\u201c<strong>Lejos de opinar del entrenador rival.<\/strong>&nbsp;Un poco lo declar\u00e9 yo a nivel personal, a nivel grupal.&nbsp;<strong>Para nosotros es un partido especial, por toda la historia que tenemos en el club<\/strong>. Tenemos un plantel con un sentido de pertenencia muy grande, y sabemos la importancia del juego ma\u00f1ana, sabemos c\u00f3mo lo toma nuestra gente, y para nosotros es un partido muy importante, que no es normal como un partido normal o&nbsp;<strong>un partido m\u00e1s de liga<\/strong>, pero as\u00ed lo tomamos nosotros. Lo hemos tomado as\u00ed todo el tiempo que hemos estado ac\u00e1, y lo vamos a afrontar de esa manera el d\u00eda de ma\u00f1ana\u201d.<\/p>\n<\/blockquote>\n\n\n\n<h2 class=\"wp-block-heading\">Sin dudas ante Rayados<\/h2>\n\n\n\n<p>Guido tambi\u00e9n coment\u00f3 que<strong>\u00a0ya no tiene dudas sobre el once inicial<\/strong>\u00a0que pondr\u00e1 este s\u00e1bado en el Gigante de Acero, luego de que en la semana estuvo trabajando<strong>\u00a0sin un \u20189\u2019 nominal y con\u00a0\u00c1ngel Correa\u00a0como delantero centro.<\/strong><\/p>\n\n\n\n<blockquote class=\"wp-block-quote is-layout-flow wp-block-quote-is-layout-flow\">\n<p>\u201cEstamos muy claros en lo que vamos a hacer. Internamente ya hemos trabajado todos los aspectos, el esperar el d\u00eda de ma\u00f1ana y llevarlo a cabo en el campo de juego. Y lo de<strong>&nbsp;Chicha, sabemos que nos quedan estos dos partidos para cumplir.<\/strong>&nbsp;Estamos conscientes de lo que nos falta, pero tambi\u00e9n conscientes de la manera que lo queremos cumplir esos minutos en los dos partidos que quedan\u201d.<\/p>\n<\/blockquote>\n<div class='share-to-whatsapp-wrapper'><div class='share-on-whsp'>Share on: <\/div><a data-text='Pizarro asegura que el Cl\u00e1sico Regio es el partido m\u00e1s apasionado de M\u00e9xico' data-link='https:\/\/portaltactica.com\/?p=99447' class='whatsapp-button whatsapp-share'>WhatsApp<\/a><div class='clear '><\/div><\/div>","protected":false},"excerpt":{"rendered":"<p>Luego de que en la capital del pa\u00eds han estado\u00a0demeritando el Cl\u00e1sico Regio,\u00a0Guido Pizarro\u00a0consider\u00f3 que es normal que en el centro&hellip;<\/p>\n","protected":false},"author":2,"featured_media":99448,"comment_status":"closed","ping_status":"closed","sticky":false,"template":"","format":"standard","meta":{"advanced_seo_description":"","jetpack_seo_html_title":"","jetpack_seo_noindex":false,"_jetpack_memberships_contains_paid_content":false,"footnotes":"","jetpack_publicize_message":"","jetpack_publicize_feature_enabled":true,"jetpack_social_post_already_shared":true,"jetpack_social_options":{"image_generator_settings":{"template":"highway","default_image_id":0,"font":"","enabled":false},"version":2}},"categories":[1897],"tags":[],"class_list":["post-99447","post","type-post","status-publish","format-standard","has-post-thumbnail","hentry","category-destacado-nacional"],"jetpack_publicize_connections":[],"jetpack_featured_media_url":"https:\/\/portaltactica.com\/wp-content\/uploads\/2025\/10\/3-10.png","jetpack_sharing_enabled":true,"_links":{"self":[{"href":"https:\/\/portaltactica.com\/index.php?rest_route=\/wp\/v2\/posts\/99447","targetHints":{"allow":["GET"]}}],"collection":[{"href":"https:\/\/portaltactica.com\/index.php?rest_route=\/wp\/v2\/posts"}],"about":[{"href":"https:\/\/portaltactica.com\/index.php?rest_route=\/wp\/v2\/types\/post"}],"author":[{"embeddable":true,"href":"https:\/\/portaltactica.com\/index.php?rest_route=\/wp\/v2\/users\/2"}],"replies":[{"embeddable":true,"href":"https:\/\/portaltactica.com\/index.php?rest_route=%2Fwp%2Fv2%2Fcomments&post=99447"}],"version-history":[{"count":1,"href":"https:\/\/portaltactica.com\/index.php?rest_route=\/wp\/v2\/posts\/99447\/revisions"}],"predecessor-version":[{"id":99449,"href":"https:\/\/portaltactica.com\/index.php?rest_route=\/wp\/v2\/posts\/99447\/revisions\/99449"}],"wp:featuredmedia":[{"embeddable":true,"href":"https:\/\/portaltactica.com\/index.php?rest_route=\/wp\/v2\/media\/99448"}],"wp:attachment":[{"href":"https:\/\/portaltactica.com\/index.php?rest_route=%2Fwp%2Fv2%2Fmedia&parent=99447"}],"wp:term":[{"taxonomy":"category","embeddable":true,"href":"https:\/\/portaltactica.com\/index.php?rest_route=%2Fwp%2Fv2%2Fcategories&post=99447"},{"taxonomy":"post_tag","embeddable":true,"href":"https:\/\/portaltactica.com\/index.php?rest_route=%2Fwp%2Fv2%2Ftags&post=99447"}],"curies":[{"name":"wp","href":"https:\/\/api.w.org\/{rel}","templated":true}]}}