{"id":99418,"date":"2025-10-30T13:53:49","date_gmt":"2025-10-30T20:53:49","guid":{"rendered":"https:\/\/portaltactica.com\/?p=99418"},"modified":"2025-10-30T13:54:16","modified_gmt":"2025-10-30T20:54:16","slug":"lesion-muscular-deja-a-alexis-vega-fuera-aproximadamente-un-mes-informa-el-club-toluca","status":"publish","type":"post","link":"https:\/\/portaltactica.com\/?p=99418","title":{"rendered":"Lesi\u00f3n muscular deja a Alexis Vega fuera aproximadamente un mes, informa el Club Toluca"},"content":{"rendered":"\n<p>Las alarmas se encendieron en el campamento de\u00a0<strong>Deportivo Toluca F.C<\/strong>. despu\u00e9s de que el club anunciara la gravedad de la lesi\u00f3n del delantero y capit\u00e1n<strong>\u00a0Alexis Vega,\u00a0<\/strong>quien sali\u00f3 sustituido durante el empate ante\u00a0<strong>Pachuca\u00a0<\/strong>por la\u00a0<strong>Jornada 15 del Apertura 2025 de la\u00a0Liga MX.<\/strong><\/p>\n\n\n\n<p>En un comunicado oficial el club inform\u00f3 que \u201cnuestro jugador Alexis Ernesto Vega Rojas presenta l<strong>esi\u00f3n muscular grado II&nbsp;<\/strong>del semitendinoso en el<strong>&nbsp;muslo izquierdo.<\/strong>&nbsp;De acuerdo con su evoluci\u00f3n, se reintegrar\u00e1 a la actividad deportiva en un tiempo aproximado de<strong>&nbsp;tres a cuatro semanas\u201d.<\/strong><\/p>\n\n\n\n<p>El t\u00e9cnico argentino&nbsp;<strong>Antonio Mohamed&nbsp;<\/strong>habl\u00f3 tras el partido y manifest\u00f3 que, aunque Vega hab\u00eda empezado el calentamiento, la molestia previa en la rodilla lo oblig\u00f3 a salir: \u201cCalent\u00f3, pensamos que no iba a jugar; ven\u00eda lastimado de la rodilla, se le sac\u00f3 l\u00edquido y, por proteger la pierna, tuvo un tema muscular.&nbsp;<strong>Estar\u00e1 fuera lo que resta del torneo<\/strong>, pero lo esperamos bien para la Liguilla.\u201d<\/p>\n\n\n\n<h2 class=\"wp-block-heading\">Impacto inmediato y escenarios para Toluca<\/h2>\n\n\n\n<p>La noticia de la lesi\u00f3n de Vega cae en un momento clave para Toluca, que tiene a\u00fan&nbsp;<strong>dos partidos de fase regular&nbsp;<\/strong>ante<strong>&nbsp;Atl\u00e9tico de San Luis (Jornada 16) y Am\u00e9rica (Jornada 17)&nbsp;<\/strong>en su aspiraci\u00f3n de cerrar como<strong>&nbsp;l\u00edder de la tabla genera<\/strong>l y asegurar la ventaja de jugar la vuelta de la Liguilla en casa. Con Vega fuera, el equipo perder\u00e1 a su capit\u00e1n, referente ofensivo y habitual motivador.<\/p>\n\n\n\n<p>Seg\u00fan los medios, el delantero estar\u00e1 ausente \u201cal menos de tres a cuatro semanas\u201d mientras se recupera de la lesi\u00f3n. Esto no solo implica perderse los juegos de cierre de torneo regular, sino que pone en duda su presencia en la lista para la&nbsp;<strong>pr\u00f3xima Fecha FIF<\/strong>A y compromete su puesta a punto para el tramo decisivo del campeonato.<\/p>\n\n\n\n<p>En el escenario interno del club, Mohamed y su cuerpo t\u00e9cnico deber\u00e1n replantear el ataque de Toluca sin su principal arma ofensiva. Adem\u00e1s, la presi\u00f3n de mantener la posici\u00f3n privilegiada en la tabla aumenta sin la certeza de contar con Vega.<\/p>\n\n\n\n<h2 class=\"wp-block-heading\">Dudas en la Selecci\u00f3n Mexicana y repercusiones personales<\/h2>\n\n\n\n<p>La lesi\u00f3n de Alexis Vega tambi\u00e9n trasciende el \u00e1mbito del club y alcanza a la Selecci\u00f3n Mexicana de Futbol. Con los partidos ante&nbsp;<strong>Uruguay y Paraguay<\/strong>&nbsp;en el horizonte para la&nbsp;<strong>Fecha FIFA del 15 y 18 de noviembre<\/strong>, la ausencia de rendimiento o incluso de disponibilidad de Vega podr\u00eda afectar su convocatoria o su rol dentro del equipo nacional.<\/p>\n\n\n\n<p>La recuperaci\u00f3n se da en un momento de gran valor simb\u00f3lico para Vega, reciente campe\u00f3n con Toluca en el Clausura 2025 tras una campa\u00f1a en la que fue figura. Ahora, debe transitar una fase de rehabilitaci\u00f3n, mantenimiento f\u00edsico y competencia interna por quedarse en forma para la Fase Final.<\/p>\n<div class='share-to-whatsapp-wrapper'><div class='share-on-whsp'>Share on: <\/div><a data-text='Lesi\u00f3n muscular deja a Alexis Vega fuera aproximadamente un mes, informa el Club Toluca' data-link='https:\/\/portaltactica.com\/?p=99418' class='whatsapp-button whatsapp-share'>WhatsApp<\/a><div class='clear '><\/div><\/div>","protected":false},"excerpt":{"rendered":"<p>Las alarmas se encendieron en el campamento de\u00a0Deportivo Toluca F.C. despu\u00e9s de que el club anunciara la gravedad de la lesi\u00f3n&hellip;<\/p>\n","protected":false},"author":2,"featured_media":99419,"comment_status":"closed","ping_status":"closed","sticky":false,"template":"","format":"standard","meta":{"advanced_seo_description":"","jetpack_seo_html_title":"","jetpack_seo_noindex":false,"_jetpack_memberships_contains_paid_content":false,"footnotes":"","jetpack_publicize_message":"","jetpack_publicize_feature_enabled":true,"jetpack_social_post_already_shared":true,"jetpack_social_options":{"image_generator_settings":{"template":"highway","default_image_id":0,"font":"","enabled":false},"version":2}},"categories":[1897],"tags":[],"class_list":["post-99418","post","type-post","status-publish","format-standard","has-post-thumbnail","hentry","category-destacado-nacional"],"jetpack_publicize_connections":[],"jetpack_featured_media_url":"https:\/\/portaltactica.com\/wp-content\/uploads\/2025\/10\/1-20.jpg","jetpack_sharing_enabled":true,"_links":{"self":[{"href":"https:\/\/portaltactica.com\/index.php?rest_route=\/wp\/v2\/posts\/99418","targetHints":{"allow":["GET"]}}],"collection":[{"href":"https:\/\/portaltactica.com\/index.php?rest_route=\/wp\/v2\/posts"}],"about":[{"href":"https:\/\/portaltactica.com\/index.php?rest_route=\/wp\/v2\/types\/post"}],"author":[{"embeddable":true,"href":"https:\/\/portaltactica.com\/index.php?rest_route=\/wp\/v2\/users\/2"}],"replies":[{"embeddable":true,"href":"https:\/\/portaltactica.com\/index.php?rest_route=%2Fwp%2Fv2%2Fcomments&post=99418"}],"version-history":[{"count":1,"href":"https:\/\/portaltactica.com\/index.php?rest_route=\/wp\/v2\/posts\/99418\/revisions"}],"predecessor-version":[{"id":99420,"href":"https:\/\/portaltactica.com\/index.php?rest_route=\/wp\/v2\/posts\/99418\/revisions\/99420"}],"wp:featuredmedia":[{"embeddable":true,"href":"https:\/\/portaltactica.com\/index.php?rest_route=\/wp\/v2\/media\/99419"}],"wp:attachment":[{"href":"https:\/\/portaltactica.com\/index.php?rest_route=%2Fwp%2Fv2%2Fmedia&parent=99418"}],"wp:term":[{"taxonomy":"category","embeddable":true,"href":"https:\/\/portaltactica.com\/index.php?rest_route=%2Fwp%2Fv2%2Fcategories&post=99418"},{"taxonomy":"post_tag","embeddable":true,"href":"https:\/\/portaltactica.com\/index.php?rest_route=%2Fwp%2Fv2%2Ftags&post=99418"}],"curies":[{"name":"wp","href":"https:\/\/api.w.org\/{rel}","templated":true}]}}