{"id":99397,"date":"2025-10-29T15:49:12","date_gmt":"2025-10-29T22:49:12","guid":{"rendered":"https:\/\/portaltactica.com\/?p=99397"},"modified":"2025-10-29T15:49:12","modified_gmt":"2025-10-29T22:49:12","slug":"luchara-jesus-moreno-por-ser-el-primer-medallista-varonil-panamericano","status":"publish","type":"post","link":"https:\/\/portaltactica.com\/?p=99397","title":{"rendered":"Luchar\u00e1 Jes\u00fas Moreno por ser el primer medallista varonil panamericano"},"content":{"rendered":"\n<p>La Femeka felicita al karateca mazatleco por su desempe\u00f1o en la eliminatoria mundial y pone como una gran promesa para alcanzar una hist\u00f3rica presea en la.rama varonil.<br><br><br>Mazatl\u00e1n, Sinaloa a 28 de octubre de 2025.- La gran calidad y arrojo demostrado por el mazatleco, Jes\u00fas Moreno Bautista, en la eliminatoria del Mundial de Karate, realizada en Par\u00eds, Francia, a donde asisti\u00f3 con apoyo del Gobierno de Mazatl\u00e1n, encabezado por la Presidenta, Estrella Palacios Dom\u00ednguez, le valieron el reconocimiento de Samantha Desciderio Olvera, presidenta de la Federaci\u00f3n Mexicana de Karate (Femeka).<br><br>En su visita al Instituto Municipal del Deporte Mazatl\u00e1n, que dirige, Fabiola Judith Verde Rosas, acompa\u00f1ado de su padre, el Shihan, Jes\u00fas Moreno Salas, el campe\u00f3n nacional comparti\u00f3 su experiencia ante el m\u00e1s alto nivel de karate, as\u00ed como su agradecimiento por el apoyo recibido.<br><br>&#8220;Me siento muy motivado, porque a pesar de la disciplina que metemos en el entrenamiento uno piensa que no va a poder a ese nivel, pero cuando te vas dando cuenta que tienes todas las capacidades, que la gente te empieza a seguir y reconocer tu trabajo, descubres que s\u00ed se puede y que hay que seguir luchando por tu objetivo&#8221;, expres\u00f3 Moreno Bautista.<br><br>Despu\u00e9s de caer 6-3 en la la llave final clasificatoria ante el azerbaiyano, Turgut Hasanov, el \u00e1nimo del artemarcialista porte\u00f1o no decay\u00f3, sino que comenz\u00f3 a planear su siguiente ciclo deportivo, cuando fue sorprendido por una carta enviada por la presidenta de la Femeka, en donde adem\u00e1s se le reconoce como un prospecto para lograr medalla en los pr\u00f3ximo Juegos Centroamericanos y del Caribe, que se realizar\u00e1n del 24 de julio al 8 de agosto de 2026, en Santo Domingo, Rep\u00fablica Dominicana.<br><br>&#8220;En la eliminatoria me sent\u00ed muy bien, muy c\u00f3modo emocional y f\u00edsicamente, pero fueron detallitos por los que no pudimos lograr el pase al mundial, mismos que podemos corregir para lograr mi mejor versi\u00f3n. Esto apenas es el inicio de algo m\u00e1s grande, vamos a preparamos muy bien con el objetivo de competir y ganar en los Centroamericanos&#8221;, expres\u00f3 el karateca mazatleco.<br><br>De lograr ese primer objetivo, Jes\u00fas Moreno ir\u00eda por la hist\u00f3rica primera medalla varonil de M\u00e9xico en karate en los pr\u00f3ximos Juegos Panamericanos, que tendr\u00e1n lugar en Lima, Per\u00fa, del 16 de julio al 1 de agosto de 2027 y que repartir\u00e1n pases a los Juegos Ol\u00edmpicos de Los \u00c1ngeles 2028.<\/p>\n<div class='share-to-whatsapp-wrapper'><div class='share-on-whsp'>Share on: <\/div><a data-text='Luchar\u00e1 Jes\u00fas Moreno por ser el primer medallista varonil panamericano' data-link='https:\/\/portaltactica.com\/?p=99397' class='whatsapp-button whatsapp-share'>WhatsApp<\/a><div class='clear '><\/div><\/div>","protected":false},"excerpt":{"rendered":"<p>La Femeka felicita al karateca mazatleco por su desempe\u00f1o en la eliminatoria mundial y pone como una gran promesa para alcanzar&hellip;<\/p>\n","protected":false},"author":1,"featured_media":99396,"comment_status":"","ping_status":"","sticky":false,"template":"","format":"standard","meta":{"advanced_seo_description":"","jetpack_seo_html_title":"","jetpack_seo_noindex":false,"_jetpack_memberships_contains_paid_content":false,"footnotes":"","jetpack_publicize_message":"","jetpack_publicize_feature_enabled":true,"jetpack_social_post_already_shared":true,"jetpack_social_options":{"image_generator_settings":{"template":"highway","default_image_id":0,"font":"","enabled":false},"version":2}},"categories":[1899],"tags":[37],"class_list":["post-99397","post","type-post","status-publish","format-standard","has-post-thumbnail","hentry","category-destacado-mazatlan","tag-imdem"],"jetpack_publicize_connections":[],"jetpack_featured_media_url":"https:\/\/portaltactica.com\/wp-content\/uploads\/2025\/10\/FB_IMG_1761778103097.jpg","jetpack_sharing_enabled":true,"_links":{"self":[{"href":"https:\/\/portaltactica.com\/index.php?rest_route=\/wp\/v2\/posts\/99397","targetHints":{"allow":["GET"]}}],"collection":[{"href":"https:\/\/portaltactica.com\/index.php?rest_route=\/wp\/v2\/posts"}],"about":[{"href":"https:\/\/portaltactica.com\/index.php?rest_route=\/wp\/v2\/types\/post"}],"author":[{"embeddable":true,"href":"https:\/\/portaltactica.com\/index.php?rest_route=\/wp\/v2\/users\/1"}],"replies":[{"embeddable":true,"href":"https:\/\/portaltactica.com\/index.php?rest_route=%2Fwp%2Fv2%2Fcomments&post=99397"}],"version-history":[{"count":0,"href":"https:\/\/portaltactica.com\/index.php?rest_route=\/wp\/v2\/posts\/99397\/revisions"}],"wp:featuredmedia":[{"embeddable":true,"href":"https:\/\/portaltactica.com\/index.php?rest_route=\/wp\/v2\/media\/99396"}],"wp:attachment":[{"href":"https:\/\/portaltactica.com\/index.php?rest_route=%2Fwp%2Fv2%2Fmedia&parent=99397"}],"wp:term":[{"taxonomy":"category","embeddable":true,"href":"https:\/\/portaltactica.com\/index.php?rest_route=%2Fwp%2Fv2%2Fcategories&post=99397"},{"taxonomy":"post_tag","embeddable":true,"href":"https:\/\/portaltactica.com\/index.php?rest_route=%2Fwp%2Fv2%2Ftags&post=99397"}],"curies":[{"name":"wp","href":"https:\/\/api.w.org\/{rel}","templated":true}]}}