{"id":99391,"date":"2025-10-29T13:51:02","date_gmt":"2025-10-29T20:51:02","guid":{"rendered":"https:\/\/portaltactica.com\/?p=99391"},"modified":"2025-10-29T13:51:02","modified_gmt":"2025-10-29T20:51:02","slug":"mazatlan-destaca-en-el-torneo-internacional-guerra-en-la-frontera-realizado-en-mexicali","status":"publish","type":"post","link":"https:\/\/portaltactica.com\/?p=99391","title":{"rendered":"Mazatl\u00e1n destaca en el Torneo Internacional Guerra en la Frontera, realizado en Mexicali"},"content":{"rendered":"\n<p>Valent\u00edn Padilla, Ashley Martinez, \u00d3scar D\u00edaz, Carlos Plata y Jorge Luis Nieblas, destacan con los campeonatos obtenidos en el encuentro deportivo en el que participaron m\u00e1s de 870 pugilistas de las categor\u00edas Sub-13, Sub-15, Sub-17, Sub-19 y Elite, de todo M\u00e9xico y Estados Unidos.<br><br><br>Mazatl\u00e1n, Sinaloa a 27 de octubre de 2025.- Talento, disciplina, entrega y mucho coraz\u00f3n, dejaron los boxeadores mazatlecos que participaron en el Torneo Internacional de Boxeo Guerra en la Frontera, celebrado del 21 al 26 de octubre, en Mexicali, Baja California, destacando los campeonatos obtenidos por Valent\u00edn Padilla, Ashley Martinez, \u00d3scar D\u00edaz, Carlos Plata y Jorge Luis Nieblas. <br><br>Los j\u00f3venes pugilistas \u201cpatasalada\u201d dejaron muestra de su calidad arriba del cuadril\u00e1tero y pusieron en alto el nombre de Mazatl\u00e1n durante su participaci\u00f3n en el encuentro deportivo considerado uno de los m\u00e1s importantes del boxeo amateur en M\u00e9xico y la parte sur de California, Estados Unidos.<br><br>\u201cSigue el Campeonato Nacional de Primeras Fuerza, en diciembre, ahora volvemos para participar con Hugo Padilla, Michell Acosta y Esmeralda Pati\u00f1o. Es la primera vez que asisto (al Torneo Internacional Guerra en la Frontera), junto con el \u2018Choncho\u2019 (Bibiano Mor\u00e1n). Es un torneo grande, de todo el d\u00eda, de muchos participantes, que sirvi\u00f3 de fogueo para los muchachos\u201d, comparti\u00f3 Radam\u00e9s Hern\u00e1ndez, uno de los seis entrenadores mazatlecos que asisti\u00f3 al evento que represent\u00f3 una valiosa experiencia para la delegaci\u00f3n de boxeo sinaloense.<br><br>Ademas del fogueo, la edici\u00f3n 13 del torneo que se desarroll\u00f3 con la participaci\u00f3n de m\u00e1s de 870 pugilistas de las categor\u00edas Sub-13, Sub-15, Sub-17, Sub-19 y Elite, tanto en la rama varonil como femenil, represent\u00f3 una buena oportunidad para medirse con miras a futuros compromisos oficiales.<br><br>El entrenador, ya con experiencia en Juegos Ol\u00edmpicos, resalt\u00f3 el crecimiento del boxeo sinaloense en su funci\u00f3n de los niveles t\u00e9cnicos, t\u00e1cticos y f\u00edsicos, mismos que fueron puestos a prueba ante pugilistas de alto nivel de estados como Baja California, Chihuahua, Estado de M\u00e9xico, Guadalajara y Monterrey, entre otros, adem\u00e1s de los\u00a0Estados Unidos.<br><br>\u201cMazatl\u00e1n tuvo una delegaci\u00f3n muy numerosa, gan\u00f3 el \u2018Roca\u2019, Platas, del \u2018Lobito\u2019 y varios de nuestros atletas, de todo ese n\u00famero de participantes. Valent\u00edn Padilla logr\u00f3 el campeonato en este torneo y este mismo mes tambi\u00e9n fuimos campeones en el Festival Ol\u00edmpico\u201d, expres\u00f3.<br><br>Valent\u00edn Padilla, en la categor\u00eda 70 kg \u00c9lite Clasificados, Ashley Mart\u00ednez, 46 kg Sub-15 Novatos, \u00d3scar D\u00edaz, en la 54 kg Sub-15 Novatos, as\u00ed como Michelle Acosta, segundo lugar en la 57 kg \u00c9lite Clasificados, fueron los boxeadores que brillaron por el Hern\u00e1ndez Boxing Gym, mientras que Carlos Plata, campe\u00f3n en los 65 kg Sub-19, Gabriel Abaroa, subcampe\u00f3n 80 kg y M\u00e1s Sub-17 y Edher Serna, tercer lugar en la Sub-19, dieron el do de pecho por el entrenador Eduardo \u201cLobito\u201d Rivera.<br><br>Mientras que por el Gimnasio Zurdo Ram\u00edrez, Jorge Luis \u201cRoca\u201d Nieblas se hizo del cintur\u00f3n de campe\u00f3n en la categor\u00eda 75 kilogramos, dejando un buen sabor de boca en los entrenadores y asistentes al torneo.\u00a0 <br><br>Hern\u00e1ndez C\u00e1zares agradeci\u00f3 el desempe\u00f1o de los atletas en el torneo, as\u00ed como a quienes apoyan a los j\u00f3venes para que puedan participar en torneos nacionales, adem\u00e1s de compartir que el pr\u00f3ximo fogueo de los pugilistas mazatlecos, Hugo Padilla, Michell Acosta y Esmeralda Pati\u00f1o, ser\u00e1 el Campeonato Nacional de Primera Fuerza, que tendr\u00e1 lugar en diciembre.<br><br>Durante la administraci\u00f3n de la Presidenta, Estrella Palacios Dom\u00ednguez, el boxeo mazatleco se destac\u00f3 como bicampe\u00f3n estatal en el proceso de la Olimpiada Nacional 2025, logrando a trav\u00e9s del Imdem la uni\u00f3n entre los diferentes gimnasios del puerto, en pro del deporte mazatleco.<\/p>\n<div class='share-to-whatsapp-wrapper'><div class='share-on-whsp'>Share on: <\/div><a data-text='Mazatl\u00e1n destaca en el Torneo Internacional Guerra en la Frontera, realizado en Mexicali' data-link='https:\/\/portaltactica.com\/?p=99391' class='whatsapp-button whatsapp-share'>WhatsApp<\/a><div class='clear '><\/div><\/div>","protected":false},"excerpt":{"rendered":"<p>Valent\u00edn Padilla, Ashley Martinez, \u00d3scar D\u00edaz, Carlos Plata y Jorge Luis Nieblas, destacan con los campeonatos obtenidos en el encuentro deportivo&hellip;<\/p>\n","protected":false},"author":1,"featured_media":99390,"comment_status":"","ping_status":"","sticky":false,"template":"","format":"standard","meta":{"advanced_seo_description":"","jetpack_seo_html_title":"","jetpack_seo_noindex":false,"_jetpack_memberships_contains_paid_content":false,"footnotes":"","jetpack_publicize_message":"","jetpack_publicize_feature_enabled":true,"jetpack_social_post_already_shared":true,"jetpack_social_options":{"image_generator_settings":{"template":"highway","default_image_id":0,"font":"","enabled":false},"version":2}},"categories":[1899],"tags":[37],"class_list":["post-99391","post","type-post","status-publish","format-standard","has-post-thumbnail","hentry","category-destacado-mazatlan","tag-imdem"],"jetpack_publicize_connections":[],"jetpack_featured_media_url":"https:\/\/portaltactica.com\/wp-content\/uploads\/2025\/10\/IMG-20251029-WA0025.jpg","jetpack_sharing_enabled":true,"_links":{"self":[{"href":"https:\/\/portaltactica.com\/index.php?rest_route=\/wp\/v2\/posts\/99391","targetHints":{"allow":["GET"]}}],"collection":[{"href":"https:\/\/portaltactica.com\/index.php?rest_route=\/wp\/v2\/posts"}],"about":[{"href":"https:\/\/portaltactica.com\/index.php?rest_route=\/wp\/v2\/types\/post"}],"author":[{"embeddable":true,"href":"https:\/\/portaltactica.com\/index.php?rest_route=\/wp\/v2\/users\/1"}],"replies":[{"embeddable":true,"href":"https:\/\/portaltactica.com\/index.php?rest_route=%2Fwp%2Fv2%2Fcomments&post=99391"}],"version-history":[{"count":0,"href":"https:\/\/portaltactica.com\/index.php?rest_route=\/wp\/v2\/posts\/99391\/revisions"}],"wp:featuredmedia":[{"embeddable":true,"href":"https:\/\/portaltactica.com\/index.php?rest_route=\/wp\/v2\/media\/99390"}],"wp:attachment":[{"href":"https:\/\/portaltactica.com\/index.php?rest_route=%2Fwp%2Fv2%2Fmedia&parent=99391"}],"wp:term":[{"taxonomy":"category","embeddable":true,"href":"https:\/\/portaltactica.com\/index.php?rest_route=%2Fwp%2Fv2%2Fcategories&post=99391"},{"taxonomy":"post_tag","embeddable":true,"href":"https:\/\/portaltactica.com\/index.php?rest_route=%2Fwp%2Fv2%2Ftags&post=99391"}],"curies":[{"name":"wp","href":"https:\/\/api.w.org\/{rel}","templated":true}]}}