{"id":99336,"date":"2025-10-27T14:29:09","date_gmt":"2025-10-27T21:29:09","guid":{"rendered":"https:\/\/portaltactica.com\/?p=99336"},"modified":"2025-10-27T14:29:11","modified_gmt":"2025-10-27T21:29:11","slug":"regreso-a-casa-aaron-ramsey-regresa-a-cantera-despues-de-su-ausencia-con-pumas","status":"publish","type":"post","link":"https:\/\/portaltactica.com\/?p=99336","title":{"rendered":"Regreso a casa: Aaron Ramsey regresa a Cantera despu\u00e9s de su ausencia con Pumas"},"content":{"rendered":"\n<p>Tras varios d\u00edas de ausencia con\u00a0<strong>Pumas<\/strong>,\u00a0<strong>Aaron Ramsey<\/strong>\u00a0regres\u00f3 a\u00a0<strong>Cantera\u00a0<\/strong>para someterse a\u00a0<strong>terapia\u00a0<\/strong>luego de una\u00a0<strong>lesi\u00f3n\u00a0<\/strong>muscular que sufri\u00f3 en los isquiotibiales, confirmaron fuentes<strong>\u00a0<\/strong>luego de que el mediocampista gal\u00e9s compartiera una fotograf\u00eda de la\u00a0<strong>rehabilitaci\u00f3n<\/strong>.<\/p>\n\n\n\n<p><strong>Ramsey<\/strong>, quien no se present\u00f3 en las instalaciones de los&nbsp;<strong>Pumas&nbsp;<\/strong>en d\u00edas pasados y desde la fecha FIFA producto de la&nbsp;<strong>lesi\u00f3n&nbsp;<\/strong>que sufri\u00f3 y tras un tema personal, finalmente volvi\u00f3 al club tras los cuestionamientos sobre su&nbsp;<strong>ausencia<\/strong>.<\/p>\n\n\n\n<p>Incluso, el mismo cuerpo t\u00e9cnico de&nbsp;<strong>Pumas<\/strong>, encabezado por Efra\u00edn Ju\u00e1rez, evit\u00f3 los cuestionamientos sobre si&nbsp;<strong>Ramsey&nbsp;<\/strong>estaba en Ciudad de M\u00e9xico o d\u00f3nde se encontraba en las semanas pasadas.<\/p>\n\n\n\n<p>\u201cEstamos ah\u00ed. Lo dije el mi\u00e9rcoles. Vamos a ver qu\u00e9 pasa los siguientes d\u00edas\u201d, contest\u00f3 en primera instancia, a lo que se le cuestion\u00f3 si se ha presentado en&nbsp;<strong>Cantera&nbsp;<\/strong>y respondi\u00f3 lo siguiente.<\/p>\n\n\n\n<p>\u201cEstamos ah\u00ed. Estamos ah\u00ed. Tiene ah\u00ed su situaci\u00f3n, que sabemos todo perfectamente qu\u00e9 es, con la de su perrito. Con el tema, tambi\u00e9n hay que ven\u00eda con un tema ah\u00ed antes de salir de fecha FIFA. Y vamos a ver qu\u00e9 pasa en los siguientes d\u00edas\u201d, manifest\u00f3 mientras evadi\u00f3 el cuestionamiento.<\/p>\n\n\n\n<p>Anteriormente, despu\u00e9s del juego ante\u00a0Atl\u00e9tico de San Luis\u00a0el pasado 22 de octubre, el mismo Efra\u00edn Ju\u00e1rez no profundiz\u00f3 cuando se le pregunt\u00f3 en la conferencia de prensa c\u00f3mo estaba\u00a0<strong>Ramsey\u00a0<\/strong>en el tema an\u00edmico.<\/p>\n\n\n\n<p>\u201c<strong>Aaron&nbsp;<\/strong>est\u00e1 en recuperaci\u00f3n con un tema del isquio y con el tema de su perrito. A la espera, a ver qu\u00e9 pasa en los siguientes d\u00edas\u201d, se limit\u00f3 a decir.<\/p>\n\n\n\n<h2 class=\"wp-block-heading\">\u00bfCu\u00e1ndo jug\u00f3 Ramsey por \u00faltima vez con Pumas?<\/h2>\n\n\n\n<p><strong>Aaron Ramsey<\/strong>\u00a0fue de los primeros refuerzos en llegar para el\u00a0<strong>Apertura 2025<\/strong>\u00a0y desde julio estuvo en M\u00e9xico; sin embargo, lleg\u00f3 lesionado y su debut fue hasta la jornada 6 el domingo 24 de agosto ante\u00a0Puebla.<\/p>\n\n\n\n<p>Una jornada despu\u00e9s, en la fecha 7, tuvo m\u00e1s minutos ante\u00a0Atlas\u00a0y marc\u00f3 el gol del triunfo del conjunto felino en el Estadio Ol\u00edmpico Universitario para que el marcador finalizara 1-0 y as\u00ed los auriazules tuviesen, hasta el momento, lo que es su \u00fanica victoria en casa en la campa\u00f1a.<\/p>\n\n\n\n<p>Despu\u00e9s jug\u00f3 de forma seguida en las jornadas 9, 10 y 11, pero fue en esta \u00faltima fecha, ante\u00a0Am\u00e9rica, cuando inici\u00f3 como titular, su \u00faltimo juego. Ante las \u00c1guilas tuvo 60 minutos, pero no hizo mucho para evitar la goleada de su equipo 4-1.<\/p>\n\n\n\n<p>Despu\u00e9s de eso, se ausent\u00f3 en la fecha 12 por lesi\u00f3n y no viaj\u00f3 con la selecci\u00f3n de\u00a0Gales\u00a0en la pasada fecha FIFA de octubre, por lo que desde entonces estuvo lesionado y fue hasta este lunes 27 de octubre cuando se present\u00f3 en el club.<\/p>\n\n\n\n<p><\/p>\n\n\n\n<p style=\"font-size:10px\"><em>Fuente: ESPN.<\/em><\/p>\n<div class='share-to-whatsapp-wrapper'><div class='share-on-whsp'>Share on: <\/div><a data-text='Regreso a casa: Aaron Ramsey regresa a Cantera despu\u00e9s de su ausencia con Pumas' data-link='https:\/\/portaltactica.com\/?p=99336' class='whatsapp-button whatsapp-share'>WhatsApp<\/a><div class='clear '><\/div><\/div>","protected":false},"excerpt":{"rendered":"<p>Tras varios d\u00edas de ausencia con\u00a0Pumas,\u00a0Aaron Ramsey\u00a0regres\u00f3 a\u00a0Cantera\u00a0para someterse a\u00a0terapia\u00a0luego de una\u00a0lesi\u00f3n\u00a0muscular que sufri\u00f3 en los isquiotibiales, confirmaron fuentes\u00a0luego de que&hellip;<\/p>\n","protected":false},"author":2,"featured_media":99337,"comment_status":"closed","ping_status":"closed","sticky":false,"template":"","format":"standard","meta":{"advanced_seo_description":"","jetpack_seo_html_title":"","jetpack_seo_noindex":false,"_jetpack_memberships_contains_paid_content":false,"footnotes":"","jetpack_publicize_message":"","jetpack_publicize_feature_enabled":true,"jetpack_social_post_already_shared":true,"jetpack_social_options":{"image_generator_settings":{"template":"highway","default_image_id":0,"font":"","enabled":false},"version":2}},"categories":[1897],"tags":[],"class_list":["post-99336","post","type-post","status-publish","format-standard","has-post-thumbnail","hentry","category-destacado-nacional"],"jetpack_publicize_connections":[],"jetpack_featured_media_url":"https:\/\/portaltactica.com\/wp-content\/uploads\/2025\/10\/7-13-scaled.jpg","jetpack_sharing_enabled":true,"_links":{"self":[{"href":"https:\/\/portaltactica.com\/index.php?rest_route=\/wp\/v2\/posts\/99336","targetHints":{"allow":["GET"]}}],"collection":[{"href":"https:\/\/portaltactica.com\/index.php?rest_route=\/wp\/v2\/posts"}],"about":[{"href":"https:\/\/portaltactica.com\/index.php?rest_route=\/wp\/v2\/types\/post"}],"author":[{"embeddable":true,"href":"https:\/\/portaltactica.com\/index.php?rest_route=\/wp\/v2\/users\/2"}],"replies":[{"embeddable":true,"href":"https:\/\/portaltactica.com\/index.php?rest_route=%2Fwp%2Fv2%2Fcomments&post=99336"}],"version-history":[{"count":1,"href":"https:\/\/portaltactica.com\/index.php?rest_route=\/wp\/v2\/posts\/99336\/revisions"}],"predecessor-version":[{"id":99338,"href":"https:\/\/portaltactica.com\/index.php?rest_route=\/wp\/v2\/posts\/99336\/revisions\/99338"}],"wp:featuredmedia":[{"embeddable":true,"href":"https:\/\/portaltactica.com\/index.php?rest_route=\/wp\/v2\/media\/99337"}],"wp:attachment":[{"href":"https:\/\/portaltactica.com\/index.php?rest_route=%2Fwp%2Fv2%2Fmedia&parent=99336"}],"wp:term":[{"taxonomy":"category","embeddable":true,"href":"https:\/\/portaltactica.com\/index.php?rest_route=%2Fwp%2Fv2%2Fcategories&post=99336"},{"taxonomy":"post_tag","embeddable":true,"href":"https:\/\/portaltactica.com\/index.php?rest_route=%2Fwp%2Fv2%2Ftags&post=99336"}],"curies":[{"name":"wp","href":"https:\/\/api.w.org\/{rel}","templated":true}]}}