{"id":99333,"date":"2025-10-27T14:24:26","date_gmt":"2025-10-27T21:24:26","guid":{"rendered":"https:\/\/portaltactica.com\/?p=99333"},"modified":"2025-10-27T14:24:29","modified_gmt":"2025-10-27T21:24:29","slug":"real-madrid-sufre-otra-baja-dani-carvajal-se-operara-tras-nueva-lesion","status":"publish","type":"post","link":"https:\/\/portaltactica.com\/?p=99333","title":{"rendered":"Real Madrid sufre otra baja: Dani Carvajal se operar\u00e1 tras nueva lesi\u00f3n"},"content":{"rendered":"\n<p>Malas noticias en Valdebebas. La euforia que dej\u00f3 la victoria 2-1 en el\u00a0<strong>Santiago Bernab\u00e9u<\/strong>\u00a0contra\u00a0<strong>Barcelona\u00a0<\/strong>en el\u00a0<strong>Cl\u00e1sico\u00a0<\/strong>de\u00a0<strong>LaLiga<\/strong>, dio paso este lunes a la angustia por la noticia de la lesi\u00f3n de\u00a0<strong>Dani Carvajal<\/strong>. El defensa, que precisamente regres\u00f3 a las canchas en el juego ante los blaugranas, present\u00f3 problemas en las rodillas y por ello deber\u00e1 pasar por el quir\u00f3fano.\u00a0<\/p>\n\n\n\n<p>&#8220;Tras las pruebas realizadas a nuestro capit\u00e1n Dani Carvajal por los Servicios M\u00e9dicos del\u00a0<strong>Real Madrid<\/strong>\u00a0se le ha diagnosticado la presencia de un cuerpo libre articular en la rodilla derecha. Carvajal\u00a0<strong>ser\u00e1 sometido a una artroscopia<\/strong>&#8220;, se lee en el comunicado compartido por el equipo blanco.\u00a0<\/p>\n\n\n\n<p>Se trata de la misma rodilla que el lateral se lesion\u00f3 en octubre de 2024, del ligamento cruzado, y que lo dej\u00f3 fuera por toda la temporada. Aunque para la campa\u00f1a 2025-25 Carvajal regres\u00f3 a la actividad, tras el Derbi ante&nbsp;<strong>Atl\u00e9tico de Madrid<\/strong>&nbsp;sufri\u00f3 un problema muscular que lo dej\u00f3 fuera de las canchas aproximadamente un mes.&nbsp;<\/p>\n\n\n\n<h2 class=\"wp-block-heading\">\u00bfCu\u00e1nto tiempo causar\u00e1 baja Carvajal?&nbsp;<\/h2>\n\n\n\n<p>Luego de disputar 18 minutos en el juego contra Barcelona, el defensa nuevamente present\u00f3 molestias en la rodilla y por ello se le realizaron ex\u00e1menes m\u00e9dicos. Aunque el club no dio detalles del tiempo de recuperaci\u00f3n, el diario Sport se\u00f1al\u00f3 que se estima una rehabilitaci\u00f3n de&nbsp;<strong>aproximadamente dos meses.&nbsp;<\/strong><\/p>\n\n\n\n<p>Esto supondr\u00e1 un duro golpe para el esquema de&nbsp;<strong>Xabi Alonso,&nbsp;<\/strong>pues&nbsp;<strong>Trent Alexander Arnold,&nbsp;<\/strong>que sufri\u00f3 una lesi\u00f3n muscular en septiembre, no tuvo minutos contra el Bar\u00e7a. Aunque se espera que recupere poco a poco el ritmo, de inicio parece que el entrenador espa\u00f1ol tendr\u00e1 que habilitar nuevamente a&nbsp;<strong>Federico Valverde<\/strong>&nbsp;como lateral.&nbsp;<\/p>\n\n\n\n<h2 class=\"wp-block-heading\">\u00bfQu\u00e9 partidos se perder\u00e1 Dani Carvajal con Real Madrid?&nbsp;<\/h2>\n\n\n\n<p>En caso de cumplirse el pron\u00f3stico de dos meses, el defensa no estar\u00eda de regreso a la actividad para este a\u00f1o, sino hasta principios de enero, una vez que se reanuden las ligas tras la pausa de invierno. En ese contexto, se perder\u00e1 aproximadamente diez compromisos, siete de&nbsp;<strong>LaLiga&nbsp;<\/strong>y tres m\u00e1s de&nbsp;<strong>Champions League<\/strong>.&nbsp;<\/p>\n\n\n\n<p>En el torneo de la&nbsp;<strong>UEFA<\/strong>, se ausentar\u00eda de los juegos contra&nbsp;<strong>Liverpool&nbsp;<\/strong>(4 de noviembre),&nbsp;<strong>Olympiacos&nbsp;<\/strong>(26 de noviembre) y&nbsp;<strong>Manchester City&nbsp;<\/strong>(10 de diciembre). Mientras que en el torneo local no estar\u00e1 en los partidos contra&nbsp;<strong>Valencia&nbsp;<\/strong>(1\u00b0 de noviembre),&nbsp;<strong>Rayo Vallecano<\/strong>&nbsp;(9 de noviembre),&nbsp;<strong>Elche&nbsp;<\/strong>(22 de noviembre),&nbsp;<strong>Girona&nbsp;<\/strong>(29 de noviembre),&nbsp;<strong>Celta&nbsp;<\/strong>(6 de diciembre),&nbsp;<strong>Alav\u00e9s&nbsp;<\/strong>(13 de diciembre) y&nbsp;<strong>Sevilla&nbsp;<\/strong>(20 de diciembre).<\/p>\n<div class='share-to-whatsapp-wrapper'><div class='share-on-whsp'>Share on: <\/div><a data-text='Real Madrid sufre otra baja: Dani Carvajal se operar\u00e1 tras nueva lesi\u00f3n' data-link='https:\/\/portaltactica.com\/?p=99333' class='whatsapp-button whatsapp-share'>WhatsApp<\/a><div class='clear '><\/div><\/div>","protected":false},"excerpt":{"rendered":"<p>Malas noticias en Valdebebas. La euforia que dej\u00f3 la victoria 2-1 en el\u00a0Santiago Bernab\u00e9u\u00a0contra\u00a0Barcelona\u00a0en el\u00a0Cl\u00e1sico\u00a0de\u00a0LaLiga, dio paso este lunes a la&hellip;<\/p>\n","protected":false},"author":2,"featured_media":99334,"comment_status":"closed","ping_status":"closed","sticky":false,"template":"","format":"standard","meta":{"advanced_seo_description":"","jetpack_seo_html_title":"","jetpack_seo_noindex":false,"_jetpack_memberships_contains_paid_content":false,"footnotes":"","jetpack_publicize_message":"","jetpack_publicize_feature_enabled":true,"jetpack_social_post_already_shared":true,"jetpack_social_options":{"image_generator_settings":{"template":"highway","default_image_id":0,"font":"","enabled":false},"version":2}},"categories":[6],"tags":[],"class_list":["post-99333","post","type-post","status-publish","format-standard","has-post-thumbnail","hentry","category-internacional"],"jetpack_publicize_connections":[],"jetpack_featured_media_url":"https:\/\/portaltactica.com\/wp-content\/uploads\/2025\/10\/6-9.jpg","jetpack_sharing_enabled":true,"_links":{"self":[{"href":"https:\/\/portaltactica.com\/index.php?rest_route=\/wp\/v2\/posts\/99333","targetHints":{"allow":["GET"]}}],"collection":[{"href":"https:\/\/portaltactica.com\/index.php?rest_route=\/wp\/v2\/posts"}],"about":[{"href":"https:\/\/portaltactica.com\/index.php?rest_route=\/wp\/v2\/types\/post"}],"author":[{"embeddable":true,"href":"https:\/\/portaltactica.com\/index.php?rest_route=\/wp\/v2\/users\/2"}],"replies":[{"embeddable":true,"href":"https:\/\/portaltactica.com\/index.php?rest_route=%2Fwp%2Fv2%2Fcomments&post=99333"}],"version-history":[{"count":1,"href":"https:\/\/portaltactica.com\/index.php?rest_route=\/wp\/v2\/posts\/99333\/revisions"}],"predecessor-version":[{"id":99335,"href":"https:\/\/portaltactica.com\/index.php?rest_route=\/wp\/v2\/posts\/99333\/revisions\/99335"}],"wp:featuredmedia":[{"embeddable":true,"href":"https:\/\/portaltactica.com\/index.php?rest_route=\/wp\/v2\/media\/99334"}],"wp:attachment":[{"href":"https:\/\/portaltactica.com\/index.php?rest_route=%2Fwp%2Fv2%2Fmedia&parent=99333"}],"wp:term":[{"taxonomy":"category","embeddable":true,"href":"https:\/\/portaltactica.com\/index.php?rest_route=%2Fwp%2Fv2%2Fcategories&post=99333"},{"taxonomy":"post_tag","embeddable":true,"href":"https:\/\/portaltactica.com\/index.php?rest_route=%2Fwp%2Fv2%2Ftags&post=99333"}],"curies":[{"name":"wp","href":"https:\/\/api.w.org\/{rel}","templated":true}]}}