{"id":99147,"date":"2025-10-21T13:34:32","date_gmt":"2025-10-21T20:34:32","guid":{"rendered":"https:\/\/portaltactica.com\/?p=99147"},"modified":"2025-10-21T13:34:33","modified_gmt":"2025-10-21T20:34:33","slug":"mexico-sub-17-anuncia-los-nombres-de-los-convocados-para-el-mundial-de-qatar-2025","status":"publish","type":"post","link":"https:\/\/portaltactica.com\/?p=99147","title":{"rendered":"M\u00e9xico Sub-17 anuncia los nombres de los convocados para el Mundial de Qatar 2025"},"content":{"rendered":"\n<p>A unos d\u00edas de que arranque la<strong>\u00a0Copa Mundial de Futbol Sub-17<\/strong>, la cual se celebrar\u00e1 en\u00a0<strong>Qatar del 3 al 27 de noviembre<\/strong>, la\u00a0<strong>Selecci\u00f3n Mexicana<\/strong>\u00a0dio a conocer la lista oficial de jugadores convocados, listado en el que destaca la ausencia de jugadores del\u00a0<strong>Am\u00e9rica<\/strong>.<\/p>\n\n\n\n<p>El combinado azteca, que es dirigido por<strong>\u00a0Carlos Cari\u00f1o y cuenta con elementos como\u00a0<\/strong>Aldo De Nigris\u00a0(Rayados),\u00a0M\u00e1ximo Reyes\u00a0(Santos Laguna)\u00a0y\u00a0Lucca Vuoso\u00a0(Santos Laguna), viajar\u00e1 a\u00a0<strong>Medio Oriente<\/strong>\u00a0con el objetivo de conquistar el tercer t\u00edtulo mundial en dicha categor\u00eda.<\/p>\n\n\n\n<p>El&nbsp;<strong>Tri&nbsp;<\/strong>est\u00e1 ubicado en el<strong>&nbsp;Grupo F,<\/strong>&nbsp;sector en donde se enfrentar\u00e1 en la Fase de Grupos ante&nbsp;<strong>Corea del Sur,<\/strong>&nbsp;<strong>Costa de Marfil y Suiza<\/strong>; su debut est\u00e1 programado para el pr\u00f3ximo 4 de noviembre.&nbsp;<\/p>\n\n\n\n<figure class=\"wp-block-embed is-type-rich is-provider-twitter wp-block-embed-twitter\"><div class=\"wp-block-embed__wrapper\">\n<div class=\"embed-twitter\"><blockquote class=\"twitter-tweet\" data-width=\"550\" data-dnt=\"true\"><p lang=\"es\" dir=\"ltr\">\u00a1Comenzamos! \u25b6\ufe0f<br><br>Estos son los 21 futbolistas convocados por nuestro DT, Carlos Cari\u00f1o, para representarnos en el Mundial Sub-17 Qatar 2025 \ud83c\uddf2\ud83c\uddfd\ud83d\udd25.<br><br>Estrategia: \u00a1Talento y coraz\u00f3n! \ud83c\udfae<br><br>M\u00e1s \u270d\ufe0f: <a href=\"https:\/\/t.co\/5HKNLyytHY\">https:\/\/t.co\/5HKNLyytHY<\/a><a href=\"https:\/\/twitter.com\/hashtag\/ProyectoSelecciones?src=hash&amp;ref_src=twsrc%5Etfw\">#ProyectoSelecciones<\/a> <a href=\"https:\/\/twitter.com\/hashtag\/NuestrosChavos?src=hash&amp;ref_src=twsrc%5Etfw\">#NuestrosChavos<\/a> \ud83d\udfe2\u26aa\ufe0f\ud83d\udd34 <a href=\"https:\/\/t.co\/OppDSKM6Rm\">pic.twitter.com\/OppDSKM6Rm<\/a><\/p>&mdash; Selecciones Nacionales Menores (@miseleccionsubs) <a href=\"https:\/\/twitter.com\/miseleccionsubs\/status\/1980696724365791550?ref_src=twsrc%5Etfw\">October 21, 2025<\/a><\/blockquote><script async src=\"https:\/\/platform.twitter.com\/widgets.js\" charset=\"utf-8\"><\/script><\/div>\n<\/div><\/figure>\n\n\n\n<h2 class=\"wp-block-heading\">Convocados del Tri Sub-17 para el Mundial de Qatar 2025<\/h2>\n\n\n\n<h3 class=\"wp-block-heading\">PORTEROS<\/h3>\n\n\n\n<ul class=\"wp-block-list\">\n<li>Abdon Turrubiates(Le\u00f3n)<\/li>\n\n\n\n<li>Mat\u00edas Vel\u00e1zquez (Santos Laguna)<\/li>\n\n\n\n<li>Santiago L\u00f3pez (Toluca)<\/li>\n<\/ul>\n\n\n\n<h3 class=\"wp-block-heading\">DEFENSAS<\/h3>\n\n\n\n<ul class=\"wp-block-list\">\n<li>Jhonnatan Grajales (Chivas)<\/li>\n\n\n\n<li>Michael Corona (Le\u00f3n)<\/li>\n\n\n\n<li>Jos\u00e9 Navarro (Pachuca)<\/li>\n\n\n\n<li>Adri\u00e1n Villa (Pachuca)<\/li>\n\n\n\n<li>F\u00e9lix Contreras (Real Salt Lake)<\/li>\n\n\n\n<li>Ian Olvera (Xolos)<\/li>\n<\/ul>\n\n\n\n<h3 class=\"wp-block-heading\">MEDIOS<\/h3>\n\n\n\n<ul class=\"wp-block-list\">\n<li>\u00cd\u00f1igo Borgio (CD Legan\u00e9s)<\/li>\n\n\n\n<li>Gael Garc\u00eda (Chivas)<\/li>\n\n\n\n<li>\u00d3scar Pineda (Chicago Fire SC)<\/li>\n\n\n\n<li>Kenneth Mart\u00ednez (FC Ju\u00e1rez)<\/li>\n\n\n\n<li>Alexander Hern\u00e1ndez (Le\u00f3n)<\/li>\n\n\n\n<li>Jorge S\u00e1nchez (Rayados)<\/li>\n<\/ul>\n\n\n\n<h3 class=\"wp-block-heading\">DELANTEROS<\/h3>\n\n\n\n<ul class=\"wp-block-list\">\n<li>Luis Gamboa (Atlas)<\/li>\n\n\n\n<li>Alex Guti\u00e9rrez (Cruz Azul)<\/li>\n\n\n\n<li>Jos\u00e9 Mancilla (Pumas)<\/li>\n\n\n\n<li>Aldo De Nigris (Rayados)<\/li>\n\n\n\n<li>M\u00e1ximo Reyes (Santos Laguna)<\/li>\n\n\n\n<li>Lucca Vuoso (Santos Laguna)<\/li>\n<\/ul>\n\n\n\n<p>Cabe recordar que la primera vez que&nbsp;<strong>M\u00e9xico&nbsp;<\/strong>se coron\u00f3 en el&nbsp;<strong>Mundial Sub-17<\/strong>&nbsp;fue en la edici\u00f3n de&nbsp;<strong>2005<\/strong>, misma que se realiz\u00f3 en Per\u00fa; el segundo t\u00edtulo que levant\u00f3 el Tri de dicha categor\u00eda fue en&nbsp;<strong>2011<\/strong>, torneo que se realiz\u00f3 en territorio azteca.<\/p>\n\n\n\n<h2 class=\"wp-block-heading\">\u00bfCu\u00e1ndo juega el M\u00e9xico Sub-17 en el Mundial de 2025?<\/h2>\n\n\n\n<ul class=\"wp-block-list\">\n<li>M\u00e9xico vs Corea del Sur | martes 4 de noviembre | 7:00 am<\/li>\n\n\n\n<li>M\u00e9xico vs Costa de Marfil | viernes 7 de noviembre | 8:45am<\/li>\n\n\n\n<li>Suiza vs M\u00e9xico | lunes 10 de noviembre | 6:30am<\/li>\n<\/ul>\n<div class='share-to-whatsapp-wrapper'><div class='share-on-whsp'>Share on: <\/div><a data-text='M\u00e9xico Sub-17 anuncia los nombres de los convocados para el Mundial de Qatar 2025' data-link='https:\/\/portaltactica.com\/?p=99147' class='whatsapp-button whatsapp-share'>WhatsApp<\/a><div class='clear '><\/div><\/div>","protected":false},"excerpt":{"rendered":"<p>A unos d\u00edas de que arranque la\u00a0Copa Mundial de Futbol Sub-17, la cual se celebrar\u00e1 en\u00a0Qatar del 3 al 27 de&hellip;<\/p>\n","protected":false},"author":2,"featured_media":99148,"comment_status":"closed","ping_status":"closed","sticky":false,"template":"","format":"standard","meta":{"advanced_seo_description":"","jetpack_seo_html_title":"","jetpack_seo_noindex":false,"_jetpack_memberships_contains_paid_content":false,"footnotes":"","jetpack_publicize_message":"","jetpack_publicize_feature_enabled":true,"jetpack_social_post_already_shared":true,"jetpack_social_options":{"image_generator_settings":{"template":"highway","default_image_id":0,"font":"","enabled":false},"version":2}},"categories":[1896],"tags":[],"class_list":["post-99147","post","type-post","status-publish","format-standard","has-post-thumbnail","hentry","category-destacado-portada"],"jetpack_publicize_connections":[],"jetpack_featured_media_url":"https:\/\/portaltactica.com\/wp-content\/uploads\/2025\/10\/3-7.png","jetpack_sharing_enabled":true,"_links":{"self":[{"href":"https:\/\/portaltactica.com\/index.php?rest_route=\/wp\/v2\/posts\/99147","targetHints":{"allow":["GET"]}}],"collection":[{"href":"https:\/\/portaltactica.com\/index.php?rest_route=\/wp\/v2\/posts"}],"about":[{"href":"https:\/\/portaltactica.com\/index.php?rest_route=\/wp\/v2\/types\/post"}],"author":[{"embeddable":true,"href":"https:\/\/portaltactica.com\/index.php?rest_route=\/wp\/v2\/users\/2"}],"replies":[{"embeddable":true,"href":"https:\/\/portaltactica.com\/index.php?rest_route=%2Fwp%2Fv2%2Fcomments&post=99147"}],"version-history":[{"count":1,"href":"https:\/\/portaltactica.com\/index.php?rest_route=\/wp\/v2\/posts\/99147\/revisions"}],"predecessor-version":[{"id":99149,"href":"https:\/\/portaltactica.com\/index.php?rest_route=\/wp\/v2\/posts\/99147\/revisions\/99149"}],"wp:featuredmedia":[{"embeddable":true,"href":"https:\/\/portaltactica.com\/index.php?rest_route=\/wp\/v2\/media\/99148"}],"wp:attachment":[{"href":"https:\/\/portaltactica.com\/index.php?rest_route=%2Fwp%2Fv2%2Fmedia&parent=99147"}],"wp:term":[{"taxonomy":"category","embeddable":true,"href":"https:\/\/portaltactica.com\/index.php?rest_route=%2Fwp%2Fv2%2Fcategories&post=99147"},{"taxonomy":"post_tag","embeddable":true,"href":"https:\/\/portaltactica.com\/index.php?rest_route=%2Fwp%2Fv2%2Ftags&post=99147"}],"curies":[{"name":"wp","href":"https:\/\/api.w.org\/{rel}","templated":true}]}}