{"id":99121,"date":"2025-10-20T15:09:48","date_gmt":"2025-10-20T22:09:48","guid":{"rendered":"https:\/\/portaltactica.com\/?p=99121"},"modified":"2025-10-20T15:10:20","modified_gmt":"2025-10-20T22:10:20","slug":"lesion-alejandro-zendejas-sera-baja-contra-puebla-y-genera-preocupacion-en-america","status":"publish","type":"post","link":"https:\/\/portaltactica.com\/?p=99121","title":{"rendered":"\u00bfLesi\u00f3n? Alejandro Zendejas ser\u00e1 baja contra Puebla y genera preocupaci\u00f3n en Am\u00e9rica"},"content":{"rendered":"\n<p>La fecha doble en el Apertura 2025 de la\u00a0<strong>Liga MX<\/strong>\u00a0llega esta semana y el primero de los partidos del\u00a0<strong>Am\u00e9rica<\/strong>\u00a0ser\u00e1 este martes contra\u00a0<strong>Puebla<\/strong>\u00a0en el Estadio Ciudad de los Deportes, donde no podr\u00e1 contar con\u00a0<strong>Alejandro Zendejas<\/strong>, figura ofensiva azulcrema en el actual torneo.<\/p>\n\n\n\n<p>Fuentes allegadas a\u00a0<strong>mediotiempo<\/strong>\u00a0pudieron confirmar que el cuerpo t\u00e9cnico liderado por el brasile\u00f1o\u00a0<strong>Andr\u00e9 Jardine<\/strong>\u00a0no contempla incluir al mexicoamericano en la convocatoria para el partido contra La Franja, debido a la\u00a0<strong>lesi\u00f3n<\/strong>\u00a0que acarrea desde la Fecha FIFA, cuando fue convocado a la Selecci\u00f3n de los\u00a0<strong>Estados Unidos<\/strong>\u00a0pero no pudo tener participaci\u00f3n por el mismo motivo.<\/p>\n\n\n\n<p><strong>Zendejas<\/strong>&nbsp;fue descartado para el duelo contra el Puebla porque las \u00c1guilas no quieren arriesgarlo y agravar sus&nbsp;<strong>malestares f\u00edsicos<\/strong>&nbsp;en este juego luego de lo sucedido el s\u00e1bado pasado en el Estadio Ol\u00edmpico Universitario durante la derrota por 2-1 contra&nbsp;<strong>Cruz Azul<\/strong>.<\/p>\n\n\n\n<p><strong>Alejandro Zendejas sufri\u00f3 reca\u00edda contra Cruz Azul<\/strong><\/p>\n\n\n\n<p>En el&nbsp;<strong>Cl\u00e1sico Joven<\/strong>, Zendejas llegaba con posibilidades de jugar unos minutos, por lo que Jardine no lo incluy\u00f3 en su alineaci\u00f3n titular, sin embargo, ingres\u00f3 de cambio al minuto 28 para reemplazar a otro lesionado, el chileno&nbsp;<strong>V\u00edctor D\u00e1vila<\/strong>.<\/p>\n\n\n\n<p>Por desgracia para el Am\u00e9rica,\u00a0<strong>Zendejas<\/strong>\u00a0no disput\u00f3 ni 20 minutos del partido, pues tras el descanso no pudo continuar en el mismo y solicit\u00f3 en el vestidor azulcrema su\u00a0<strong>sustituci\u00f3n<\/strong>\u00a0al no sentirse en condiciones f\u00edsicas \u00f3ptimas.<\/p>\n\n\n\n<p><strong>\u00bfQu\u00e9 otros futbolistas est\u00e1n lesionados en el Am\u00e9rica?<\/strong><\/p>\n\n\n\n<p>En el club de Coapa el caso de\u00a0<strong>Alejandro Zendejas<\/strong>\u00a0es solo un ejemplo del hospital en el que se ha convertido la\u00a0<strong>plantilla<\/strong>\u00a0del\u00a0<strong>Am\u00e9rica<\/strong>, pues tambi\u00e9n se encuentran\u00a0<strong>lesionados<\/strong>\u00a0varios elementos.<\/p>\n\n\n\n<p>M\u00e1s all\u00e1 de Zendejas, entre los jugadores m\u00e1s importantes que no tendr\u00e1n participaci\u00f3n en la Jornada 14 contra el \u00faltimo lugar de la&nbsp;<strong>Liga MX<\/strong>, est\u00e1n&nbsp;<strong>Isa\u00edas Violante<\/strong>, la Pantera Z\u00fa\u00f1iga, V\u00edctor D\u00e1vila y Dagoberto Espinoza.<\/p>\n<div class='share-to-whatsapp-wrapper'><div class='share-on-whsp'>Share on: <\/div><a data-text='\u00bfLesi\u00f3n? Alejandro Zendejas ser\u00e1 baja contra Puebla y genera preocupaci\u00f3n en Am\u00e9rica' data-link='https:\/\/portaltactica.com\/?p=99121' class='whatsapp-button whatsapp-share'>WhatsApp<\/a><div class='clear '><\/div><\/div>","protected":false},"excerpt":{"rendered":"<p>La fecha doble en el Apertura 2025 de la\u00a0Liga MX\u00a0llega esta semana y el primero de los partidos del\u00a0Am\u00e9rica\u00a0ser\u00e1 este martes&hellip;<\/p>\n","protected":false},"author":2,"featured_media":99122,"comment_status":"closed","ping_status":"closed","sticky":false,"template":"","format":"standard","meta":{"advanced_seo_description":"","jetpack_seo_html_title":"","jetpack_seo_noindex":false,"_jetpack_memberships_contains_paid_content":false,"footnotes":"","jetpack_publicize_message":"","jetpack_publicize_feature_enabled":true,"jetpack_social_post_already_shared":true,"jetpack_social_options":{"image_generator_settings":{"template":"highway","default_image_id":0,"font":"","enabled":false},"version":2}},"categories":[1897],"tags":[],"class_list":["post-99121","post","type-post","status-publish","format-standard","has-post-thumbnail","hentry","category-destacado-nacional"],"jetpack_publicize_connections":[],"jetpack_featured_media_url":"https:\/\/portaltactica.com\/wp-content\/uploads\/2025\/10\/5-11.jpg","jetpack_sharing_enabled":true,"_links":{"self":[{"href":"https:\/\/portaltactica.com\/index.php?rest_route=\/wp\/v2\/posts\/99121","targetHints":{"allow":["GET"]}}],"collection":[{"href":"https:\/\/portaltactica.com\/index.php?rest_route=\/wp\/v2\/posts"}],"about":[{"href":"https:\/\/portaltactica.com\/index.php?rest_route=\/wp\/v2\/types\/post"}],"author":[{"embeddable":true,"href":"https:\/\/portaltactica.com\/index.php?rest_route=\/wp\/v2\/users\/2"}],"replies":[{"embeddable":true,"href":"https:\/\/portaltactica.com\/index.php?rest_route=%2Fwp%2Fv2%2Fcomments&post=99121"}],"version-history":[{"count":1,"href":"https:\/\/portaltactica.com\/index.php?rest_route=\/wp\/v2\/posts\/99121\/revisions"}],"predecessor-version":[{"id":99123,"href":"https:\/\/portaltactica.com\/index.php?rest_route=\/wp\/v2\/posts\/99121\/revisions\/99123"}],"wp:featuredmedia":[{"embeddable":true,"href":"https:\/\/portaltactica.com\/index.php?rest_route=\/wp\/v2\/media\/99122"}],"wp:attachment":[{"href":"https:\/\/portaltactica.com\/index.php?rest_route=%2Fwp%2Fv2%2Fmedia&parent=99121"}],"wp:term":[{"taxonomy":"category","embeddable":true,"href":"https:\/\/portaltactica.com\/index.php?rest_route=%2Fwp%2Fv2%2Fcategories&post=99121"},{"taxonomy":"post_tag","embeddable":true,"href":"https:\/\/portaltactica.com\/index.php?rest_route=%2Fwp%2Fv2%2Ftags&post=99121"}],"curies":[{"name":"wp","href":"https:\/\/api.w.org\/{rel}","templated":true}]}}