{"id":98906,"date":"2025-10-13T12:57:14","date_gmt":"2025-10-13T19:57:14","guid":{"rendered":"https:\/\/portaltactica.com\/?p=98906"},"modified":"2025-10-13T12:57:16","modified_gmt":"2025-10-13T19:57:16","slug":"historico-cabo-verde-alcanza-por-primera-vez-la-clasificacion-al-mundial","status":"publish","type":"post","link":"https:\/\/portaltactica.com\/?p=98906","title":{"rendered":"\u00a1Hist\u00f3rico! Cabo Verde alcanza por primera vez la clasificaci\u00f3n al Mundial"},"content":{"rendered":"\n<p><strong>Cabo Verde\u00a0hace historia al clasificarse<\/strong>\u00a0por primera vez al Mundial; estar\u00e1 en la\u00a0<strong>Copa del Mundo 2026<\/strong>\u00a0a celebrarse en\u00a0<strong>M\u00e9xico, Estados Unidos y Canad\u00e1<\/strong>.<\/p>\n\n\n\n<p><strong>Dailon Livramento, Willy Semedo y Stop\u00edra&nbsp;<\/strong>convirtieron los goles para el triunfo de&nbsp;<strong>Cabo Verde 3-0 sobre la&nbsp;selecci\u00f3n de futbol de Suazilandia (<\/strong><strong>Esuatini)<\/strong>, con el cual sellaron su boleto para el Mundial 2026.<\/p>\n\n\n\n<h2 class=\"wp-block-heading\">La tercera selecci\u00f3n debutante en el Mundial<\/h2>\n\n\n\n<p><strong>Cabo Verde<\/strong>\u00a0se clasific\u00f3 al Mundial 2026 y se convertir\u00e1 en la\u00a0<strong>tercera selecci\u00f3n debutante de la justa norteamericana<\/strong>;\u00a0<strong>Jordania y Uzbekist\u00e1n<\/strong>\u00a0fueron los primeros dos en junio pasado.<\/p>\n\n\n\n<p><strong>Cabo Verde, el segundo pa\u00eds menos poblado en llegar al Mundial<\/strong><\/p>\n\n\n\n<p>Con s\u00f3lo&nbsp;<strong>527 mil 326 habitantes<\/strong>&nbsp;a mediados de 2025, seg\u00fan el \u00faltimo reporte, Cabo Verde se convierte en la&nbsp;<strong>segunda selecci\u00f3n (pa\u00eds) menos poblado en disputar una Copa del Mundo<\/strong>, lo cual ser\u00e1 en 2026.<\/p>\n\n\n\n<p><strong>Islandia es la menos poblada<\/strong>&nbsp;con&nbsp;404 mil 610&nbsp;y estuvo en Rusia 2018 cuando hab\u00eda s\u00f3lo&nbsp;352 mil 721, adem\u00e1s de ser&nbsp;<strong>la m\u00e1s peque\u00f1a tambi\u00e9n en territorio.<\/strong><\/p>\n\n\n\n<p><strong>Es toda una sorpresa, luego de que Cabo Verde termin\u00f3 en \u00faltima posici\u00f3n rumbo a la&nbsp;Copa \u00c1frica de Marruecos 2025.<\/strong><\/p>\n\n\n\n<p>Ahora, termin\u00f3 la<strong>&nbsp;fase de grupos en las Eliminatorias de la Confederaci\u00f3n Africana de Futbol<\/strong>, sumando 23 puntos en el Grupo D.<\/p>\n\n\n\n<p><\/p>\n<div class='share-to-whatsapp-wrapper'><div class='share-on-whsp'>Share on: <\/div><a data-text='\u00a1Hist\u00f3rico! Cabo Verde alcanza por primera vez la clasificaci\u00f3n al Mundial' data-link='https:\/\/portaltactica.com\/?p=98906' class='whatsapp-button whatsapp-share'>WhatsApp<\/a><div class='clear '><\/div><\/div>","protected":false},"excerpt":{"rendered":"<p>Cabo Verde\u00a0hace historia al clasificarse\u00a0por primera vez al Mundial; estar\u00e1 en la\u00a0Copa del Mundo 2026\u00a0a celebrarse en\u00a0M\u00e9xico, Estados Unidos y Canad\u00e1.&hellip;<\/p>\n","protected":false},"author":2,"featured_media":98907,"comment_status":"closed","ping_status":"closed","sticky":false,"template":"","format":"standard","meta":{"advanced_seo_description":"","jetpack_seo_html_title":"","jetpack_seo_noindex":false,"_jetpack_memberships_contains_paid_content":false,"footnotes":"","jetpack_publicize_message":"","jetpack_publicize_feature_enabled":true,"jetpack_social_post_already_shared":true,"jetpack_social_options":{"image_generator_settings":{"template":"highway","default_image_id":0,"font":"","enabled":false},"version":2}},"categories":[1898],"tags":[],"class_list":["post-98906","post","type-post","status-publish","format-standard","has-post-thumbnail","hentry","category-destacado-internacional"],"jetpack_publicize_connections":[],"jetpack_featured_media_url":"https:\/\/portaltactica.com\/wp-content\/uploads\/2025\/10\/2-1.png","jetpack_sharing_enabled":true,"_links":{"self":[{"href":"https:\/\/portaltactica.com\/index.php?rest_route=\/wp\/v2\/posts\/98906","targetHints":{"allow":["GET"]}}],"collection":[{"href":"https:\/\/portaltactica.com\/index.php?rest_route=\/wp\/v2\/posts"}],"about":[{"href":"https:\/\/portaltactica.com\/index.php?rest_route=\/wp\/v2\/types\/post"}],"author":[{"embeddable":true,"href":"https:\/\/portaltactica.com\/index.php?rest_route=\/wp\/v2\/users\/2"}],"replies":[{"embeddable":true,"href":"https:\/\/portaltactica.com\/index.php?rest_route=%2Fwp%2Fv2%2Fcomments&post=98906"}],"version-history":[{"count":1,"href":"https:\/\/portaltactica.com\/index.php?rest_route=\/wp\/v2\/posts\/98906\/revisions"}],"predecessor-version":[{"id":98908,"href":"https:\/\/portaltactica.com\/index.php?rest_route=\/wp\/v2\/posts\/98906\/revisions\/98908"}],"wp:featuredmedia":[{"embeddable":true,"href":"https:\/\/portaltactica.com\/index.php?rest_route=\/wp\/v2\/media\/98907"}],"wp:attachment":[{"href":"https:\/\/portaltactica.com\/index.php?rest_route=%2Fwp%2Fv2%2Fmedia&parent=98906"}],"wp:term":[{"taxonomy":"category","embeddable":true,"href":"https:\/\/portaltactica.com\/index.php?rest_route=%2Fwp%2Fv2%2Fcategories&post=98906"},{"taxonomy":"post_tag","embeddable":true,"href":"https:\/\/portaltactica.com\/index.php?rest_route=%2Fwp%2Fv2%2Ftags&post=98906"}],"curies":[{"name":"wp","href":"https:\/\/api.w.org\/{rel}","templated":true}]}}