{"id":98865,"date":"2025-10-11T09:36:30","date_gmt":"2025-10-11T16:36:30","guid":{"rendered":"https:\/\/portaltactica.com\/?p=98865"},"modified":"2025-10-11T09:36:31","modified_gmt":"2025-10-11T16:36:31","slug":"kylian-mbappe-no-estara-con-francia-en-las-eliminatorias-mundialistas-por-una-lesion-en-el-tobillo","status":"publish","type":"post","link":"https:\/\/portaltactica.com\/?p=98865","title":{"rendered":"Kylian Mbapp\u00e9 no estar\u00e1 con Francia en las eliminatorias mundialistas por una lesi\u00f3n en el tobillo"},"content":{"rendered":"\n<p>El capit\u00e1n de la selecci\u00f3n francesa,\u00a0<strong>Kylian Mbapp\u00e9<\/strong>, no participar\u00e1 en el partido de clasificaci\u00f3n para la\u00a0<strong>Copa del Mundo<\/strong>\u00a0contra\u00a0<strong>Islandia<\/strong>\u00a0de este lunes debido a una\u00a0<strong>lesi\u00f3n en el tobillo derecho<\/strong>, seg\u00fan anunci\u00f3 la federaci\u00f3n francesa de f\u00fatbol este s\u00e1bado.<\/p>\n\n\n\n<p>La estrella del Real Madrid, quien fue subcampe\u00f3n en el Mundial de 2022 con Francia, hab\u00eda anotado un gol en la victoria de su equipo por 3-0 sobre Azerbaiy\u00e1n el viernes, pero tuvo que&nbsp;<strong>abandonar el campo cojeando<\/strong>&nbsp;en el minuto 83.<\/p>\n\n\n\n<p>Esta no es la primera vez que el delantero siente molestias en esa articulaci\u00f3n, ya que se hab\u00eda lesionado el&nbsp;<strong>mismo tobillo<\/strong>&nbsp;en el partido contra el Villarreal justo antes del actual par\u00f3n internacional.<\/p>\n\n\n\n<blockquote class=\"wp-block-quote is-layout-flow wp-block-quote-is-layout-flow\">\n<p><em>&#8220;A su regreso con la delegaci\u00f3n francesa a Clairefontaine (Yvelines), el capit\u00e1n de la Selecci\u00f3n de Francia convers\u00f3 con Didier Deschamps.&nbsp;<strong>No estar\u00e1 en condiciones de jugar el lunes 13 de octubre&nbsp;<\/strong>(20:45, por TF1) en Reikiavik ante Islandia&#8221;, menciona la FFF en un comunicado.<\/em><\/p>\n<\/blockquote>\n\n\n\n<p>La federaci\u00f3n francesa confirm\u00f3 que su delantero estrella no viajar\u00e1 a Reikiavik y que&nbsp;<strong>regresar\u00e1 a Madrid<\/strong>&nbsp;para continuar con su recuperaci\u00f3n.<\/p>\n\n\n\n<blockquote class=\"wp-block-quote is-layout-flow wp-block-quote-is-layout-flow\">\n<p><em>&#8220;El seleccionador nacional confirm\u00f3 su baja.&nbsp;<strong>Kylian Mbapp\u00e9 ha sido devuelto a disposici\u00f3n de su club<\/strong>&nbsp;y no ser\u00e1 reemplazado&#8221;, finaliz\u00f3 la FFF en el comunicado-<\/em><\/p>\n<\/blockquote>\n\n\n\n<p>Francia ha tenido un&nbsp;<strong>comienzo perfecto<\/strong>&nbsp;en el proceso de clasificaci\u00f3n para la edici\u00f3n de 2026, ganando sus tres partidos en el Grupo D. A pesar de la baja sensible de Mbapp\u00e9, el equipo buscar\u00e1 mantener su racha de victorias ante Islandia.<\/p>\n\n\n\n<h2 class=\"wp-block-heading\">\u00bfEn riesgo para El Cl\u00e1sico?<\/h2>\n\n\n\n<p>En los pr\u00f3ximos d\u00edas el club merengue emitir\u00e1 su propio parte m\u00e9dico y se sabr\u00e1 la gravedad de la lesi\u00f3n del jugador.<\/p>\n\n\n\n<p>Aunque no parece ser un tema mayor, habr\u00e1 que descartar la posibilidad pues el pr\u00f3ximo&nbsp;<strong>26 de octubre<\/strong>&nbsp;se disputa el primer Cl\u00e1sico de la temporada entre&nbsp;<strong>Real Madrid y Barcelona<\/strong>.<\/p>\n<div class='share-to-whatsapp-wrapper'><div class='share-on-whsp'>Share on: <\/div><a data-text='Kylian Mbapp\u00e9 no estar\u00e1 con Francia en las eliminatorias mundialistas por una lesi\u00f3n en el tobillo' data-link='https:\/\/portaltactica.com\/?p=98865' class='whatsapp-button whatsapp-share'>WhatsApp<\/a><div class='clear '><\/div><\/div>","protected":false},"excerpt":{"rendered":"<p>El capit\u00e1n de la selecci\u00f3n francesa,\u00a0Kylian Mbapp\u00e9, no participar\u00e1 en el partido de clasificaci\u00f3n para la\u00a0Copa del Mundo\u00a0contra\u00a0Islandia\u00a0de este lunes debido&hellip;<\/p>\n","protected":false},"author":2,"featured_media":98866,"comment_status":"closed","ping_status":"closed","sticky":false,"template":"","format":"standard","meta":{"advanced_seo_description":"","jetpack_seo_html_title":"","jetpack_seo_noindex":false,"_jetpack_memberships_contains_paid_content":false,"footnotes":"","jetpack_publicize_message":"","jetpack_publicize_feature_enabled":true,"jetpack_social_post_already_shared":true,"jetpack_social_options":{"image_generator_settings":{"template":"highway","default_image_id":0,"font":"","enabled":false},"version":2}},"categories":[1896],"tags":[],"class_list":["post-98865","post","type-post","status-publish","format-standard","has-post-thumbnail","hentry","category-destacado-portada"],"jetpack_publicize_connections":[],"jetpack_featured_media_url":"https:\/\/portaltactica.com\/wp-content\/uploads\/2025\/10\/1-10.jpg","jetpack_sharing_enabled":true,"_links":{"self":[{"href":"https:\/\/portaltactica.com\/index.php?rest_route=\/wp\/v2\/posts\/98865","targetHints":{"allow":["GET"]}}],"collection":[{"href":"https:\/\/portaltactica.com\/index.php?rest_route=\/wp\/v2\/posts"}],"about":[{"href":"https:\/\/portaltactica.com\/index.php?rest_route=\/wp\/v2\/types\/post"}],"author":[{"embeddable":true,"href":"https:\/\/portaltactica.com\/index.php?rest_route=\/wp\/v2\/users\/2"}],"replies":[{"embeddable":true,"href":"https:\/\/portaltactica.com\/index.php?rest_route=%2Fwp%2Fv2%2Fcomments&post=98865"}],"version-history":[{"count":1,"href":"https:\/\/portaltactica.com\/index.php?rest_route=\/wp\/v2\/posts\/98865\/revisions"}],"predecessor-version":[{"id":98867,"href":"https:\/\/portaltactica.com\/index.php?rest_route=\/wp\/v2\/posts\/98865\/revisions\/98867"}],"wp:featuredmedia":[{"embeddable":true,"href":"https:\/\/portaltactica.com\/index.php?rest_route=\/wp\/v2\/media\/98866"}],"wp:attachment":[{"href":"https:\/\/portaltactica.com\/index.php?rest_route=%2Fwp%2Fv2%2Fmedia&parent=98865"}],"wp:term":[{"taxonomy":"category","embeddable":true,"href":"https:\/\/portaltactica.com\/index.php?rest_route=%2Fwp%2Fv2%2Fcategories&post=98865"},{"taxonomy":"post_tag","embeddable":true,"href":"https:\/\/portaltactica.com\/index.php?rest_route=%2Fwp%2Fv2%2Ftags&post=98865"}],"curies":[{"name":"wp","href":"https:\/\/api.w.org\/{rel}","templated":true}]}}