{"id":98835,"date":"2025-10-10T12:00:13","date_gmt":"2025-10-10T19:00:13","guid":{"rendered":"https:\/\/portaltactica.com\/?p=98835"},"modified":"2025-10-10T12:00:16","modified_gmt":"2025-10-10T19:00:16","slug":"matador-hernandez-rechaza-la-idea-de-memo-ochoa-en-el-mundial-hay-que-ser-profesionales","status":"publish","type":"post","link":"https:\/\/portaltactica.com\/?p=98835","title":{"rendered":"Matador Hern\u00e1ndez rechaza la idea de Memo Ochoa en el Mundial: &#8220;Hay que ser profesionales&#8221;"},"content":{"rendered":"\n<p><strong>Luis \u2018Matador\u2019 Hern\u00e1ndez<\/strong>, goleador hist\u00f3rico de la\u00a0<strong>Selecci\u00f3n Mexicana<\/strong>\u00a0y de la\u00a0<strong>Liga MX<\/strong>, tuvo una entrevista con el diario, El Universal. Durante su pl\u00e1tica, el ex futbolista confes\u00f3 su opini\u00f3n sobre la posibilidad de que\u00a0<strong>Guillermo Ochoa,<\/strong>\u00a0juegue su sexto Mundial.<\/p>\n\n\n\n<h2 class=\"wp-block-heading\">\u2018Su momento ya fue\u2019<\/h2>\n\n\n\n<p>Matador, quien acudi\u00f3 a los&nbsp;<strong>Mundial de 1998 y del 2002<\/strong>, &nbsp;hizo \u00e9nfasis en la gran labor realizada por Ochoa en momentos anteriores, sin embargo, coment\u00f3 que ya era momento de dejar la porter\u00eda atr\u00e1s y darle pas\u00f3 a las nuevas generaciones de arqueros.<\/p>\n\n\n\n<p>\u201cMemo fue un gran arquero, defendi\u00f3 muy bien a nuestro pa\u00eds, pero creo que su tiempo ya pas\u00f3 y se me har\u00eda una falta de respeto para el futbol mexicano que una marca est\u00e9 por encima de una oportunidad maravillosa para un joven\u201d, declar\u00f3, Luis Hern\u00e1ndez.<\/p>\n\n\n\n<p>Pese a que Guillermo Ochoa no ha sido confirmado como uno de los porteros para la Copa del Mundo 2026, el t\u00e9cnico de la Selecci\u00f3n Mexicana,&nbsp;<strong>Javier \u2018Vasco\u2019 Aguirre<\/strong>, declar\u00f3 que si el guardameta est\u00e1 en condiciones si podr\u00eda ser llamado, situaci\u00f3n que no cay\u00f3 bien en muchos aficionados.<\/p>\n\n\n\n<h2 class=\"wp-block-heading\">La marca personal de Memo Ochoa<\/h2>\n\n\n\n<p>El Matador, a\u00f1adi\u00f3 a sus declaraciones que la situaci\u00f3n de Paco Memo es m\u00e1s por una marca personal, asegurando que las condiciones de Ochoa ya no son las \u00f3ptimas pero que sus deseos de hacer historia son los que lo motivan a buscar una nueva justa mundialista el pr\u00f3ximo a\u00f1o.<\/p>\n\n\n\n<p>\u201cHay que ser profesionales y si Memo fue profesional, hoy en d\u00eda ya no lo es, porque, creo, le gana m\u00e1s el sentimiento personal de hacer una marca a darle la oportunidad a otro arquero m\u00e1s joven para que tenga la oportunidad de jugar un Mundial\u201d.<\/p>\n\n\n\n<p>&#8220;Para m\u00ed no se merece estar en la Selecci\u00f3n, sus mejores a\u00f1os ya pasaron, y sino, pues me pongo a jugar para que me pongan otra vez, pero no\u201d, concluy\u00f3.<\/p>\n\n\n\n<h2 class=\"wp-block-heading\">Las dudas en el marco azteca<\/h2>\n\n\n\n<p>Adem\u00e1s de la situaci\u00f3n del actual arquero del&nbsp;<strong>AEL Limassol FC<\/strong>, el arco del equipo Tricolor es una de las mayores dudas para la afici\u00f3n mexicana, puesto que los contendientes a ocupar mostraron gran nivel, a\u00fan no hay nada definido y el mismo Aguirre a expresado sus dudas.<\/p>\n\n\n\n<p>Junto con Memo, los nombres que m\u00e1s suenan para llegar como guardametas de M\u00e9xico al Mundial, son los de<strong>&nbsp;Luis \u00c1ngel Malagon del Am\u00e9rica, Ra\u00fal \u2018Tala\u2019 Rangel de Chivas, Carlos Moreno de Pachuca y Carlos Acevedo de Santos<\/strong>.<\/p>\n<div class='share-to-whatsapp-wrapper'><div class='share-on-whsp'>Share on: <\/div><a data-text='Matador Hern\u00e1ndez rechaza la idea de Memo Ochoa en el Mundial: \"Hay que ser profesionales\"' data-link='https:\/\/portaltactica.com\/?p=98835' class='whatsapp-button whatsapp-share'>WhatsApp<\/a><div class='clear '><\/div><\/div>","protected":false},"excerpt":{"rendered":"<p>Luis \u2018Matador\u2019 Hern\u00e1ndez, goleador hist\u00f3rico de la\u00a0Selecci\u00f3n Mexicana\u00a0y de la\u00a0Liga MX, tuvo una entrevista con el diario, El Universal. Durante su&hellip;<\/p>\n","protected":false},"author":2,"featured_media":98836,"comment_status":"closed","ping_status":"closed","sticky":false,"template":"","format":"standard","meta":{"advanced_seo_description":"","jetpack_seo_html_title":"","jetpack_seo_noindex":false,"_jetpack_memberships_contains_paid_content":false,"footnotes":"","jetpack_publicize_message":"","jetpack_publicize_feature_enabled":true,"jetpack_social_post_already_shared":true,"jetpack_social_options":{"image_generator_settings":{"template":"highway","default_image_id":0,"font":"","enabled":false},"version":2}},"categories":[1897],"tags":[],"class_list":["post-98835","post","type-post","status-publish","format-standard","has-post-thumbnail","hentry","category-destacado-nacional"],"jetpack_publicize_connections":[],"jetpack_featured_media_url":"https:\/\/portaltactica.com\/wp-content\/uploads\/2025\/10\/6-4.png","jetpack_sharing_enabled":true,"_links":{"self":[{"href":"https:\/\/portaltactica.com\/index.php?rest_route=\/wp\/v2\/posts\/98835","targetHints":{"allow":["GET"]}}],"collection":[{"href":"https:\/\/portaltactica.com\/index.php?rest_route=\/wp\/v2\/posts"}],"about":[{"href":"https:\/\/portaltactica.com\/index.php?rest_route=\/wp\/v2\/types\/post"}],"author":[{"embeddable":true,"href":"https:\/\/portaltactica.com\/index.php?rest_route=\/wp\/v2\/users\/2"}],"replies":[{"embeddable":true,"href":"https:\/\/portaltactica.com\/index.php?rest_route=%2Fwp%2Fv2%2Fcomments&post=98835"}],"version-history":[{"count":1,"href":"https:\/\/portaltactica.com\/index.php?rest_route=\/wp\/v2\/posts\/98835\/revisions"}],"predecessor-version":[{"id":98837,"href":"https:\/\/portaltactica.com\/index.php?rest_route=\/wp\/v2\/posts\/98835\/revisions\/98837"}],"wp:featuredmedia":[{"embeddable":true,"href":"https:\/\/portaltactica.com\/index.php?rest_route=\/wp\/v2\/media\/98836"}],"wp:attachment":[{"href":"https:\/\/portaltactica.com\/index.php?rest_route=%2Fwp%2Fv2%2Fmedia&parent=98835"}],"wp:term":[{"taxonomy":"category","embeddable":true,"href":"https:\/\/portaltactica.com\/index.php?rest_route=%2Fwp%2Fv2%2Fcategories&post=98835"},{"taxonomy":"post_tag","embeddable":true,"href":"https:\/\/portaltactica.com\/index.php?rest_route=%2Fwp%2Fv2%2Ftags&post=98835"}],"curies":[{"name":"wp","href":"https:\/\/api.w.org\/{rel}","templated":true}]}}