{"id":98572,"date":"2025-10-02T14:17:13","date_gmt":"2025-10-02T21:17:13","guid":{"rendered":"https:\/\/portaltactica.com\/?p=98572"},"modified":"2025-10-02T14:17:15","modified_gmt":"2025-10-02T21:17:15","slug":"guillermo-martinez-fuera-por-meses-fractura-lo-deja-fuera-del-resto-del-torneo","status":"publish","type":"post","link":"https:\/\/portaltactica.com\/?p=98572","title":{"rendered":"Guillermo Mart\u00ednez fuera por meses: fractura lo deja fuera del resto del torneo"},"content":{"rendered":"\n<p>Tras haber sido goleado por\u00a0<strong>Am\u00e9rica<\/strong>\u00a0el pasado fin de semana,\u00a0<strong>Pumas<\/strong>\u00a0recibi\u00f3 otra mala noticia, pues\u00a0<strong>Guillermo Mart\u00ednez<\/strong>, uno de sus referentes en ofensiva, se perder\u00e1 el resto del\u00a0<strong>Apertura 2025<\/strong>\u00a0por lesi\u00f3n.<\/p>\n\n\n\n<p>Se pudo saber que el delantero mexicano sufri\u00f3 una fractura en el quinto metatarsiano, por lo que necesitar\u00e1 cirug\u00eda y ser\u00e1 baja por un tiempo prolongado.<\/p>\n\n\n\n<h2 class=\"wp-block-heading\">\u00bfCu\u00e1nto tiempo estar\u00e1 fuera?<\/h2>\n\n\n\n<p>Se estima que \u2018Memote\u2019 estar\u00e1 fuera de actividad alrededor de cuatro meses, sin embargo, el tiempo de recuperaci\u00f3n podr\u00eda variar dependiendo de su evoluci\u00f3n.<\/p>\n\n\n\n<p>Por ello,&nbsp;<strong>Efra\u00edn Ju\u00e1rez<\/strong>&nbsp;no podr\u00e1 contar con \u00e9l para el resto del torneo y posiblemente tampoco para el inicio del Clausura 2025.<\/p>\n\n\n\n<h2 class=\"wp-block-heading\">Jug\u00f3 lesionado vs Am\u00e9rica<\/h2>\n\n\n\n<p>Fuentes revelaron que Mart\u00ednez ya ven\u00eda arrastrando el problema desde hace varios d\u00edas, incluso, tuvo que jugar infiltrado el Cl\u00e1sico Capitalino.<\/p>\n\n\n\n<p>Ante esta situaci\u00f3n, luego de presentar m\u00e1s molestias, el cuerpo m\u00e9dico auriazul opt\u00f3 por atender la lesi\u00f3n de manera definitiva y pasar\u00e1 por el quir\u00f3fano.<\/p>\n\n\n\n<h2 class=\"wp-block-heading\">N\u00fameros en el Apertura 2025<\/h2>\n\n\n\n<p>El &#8216;Memote&#8217; ha sido objeto de muchas cr\u00edticas a lo largo del torneo debido a su falta de contundencia de cara al arco, lo que lo ha llevado a ser abucheado por la afici\u00f3n universitaria.<\/p>\n\n\n\n<p>Tras 11 fechas disputadas, registr\u00f3 cuatro goles, ninguna asistencia y recibi\u00f3 tres tarjetas amarillas.<\/p>\n<div class='share-to-whatsapp-wrapper'><div class='share-on-whsp'>Share on: <\/div><a data-text='Guillermo Mart\u00ednez fuera por meses: fractura lo deja fuera del resto del torneo' data-link='https:\/\/portaltactica.com\/?p=98572' class='whatsapp-button whatsapp-share'>WhatsApp<\/a><div class='clear '><\/div><\/div>","protected":false},"excerpt":{"rendered":"<p>Tras haber sido goleado por\u00a0Am\u00e9rica\u00a0el pasado fin de semana,\u00a0Pumas\u00a0recibi\u00f3 otra mala noticia, pues\u00a0Guillermo Mart\u00ednez, uno de sus referentes en ofensiva, se&hellip;<\/p>\n","protected":false},"author":2,"featured_media":98573,"comment_status":"closed","ping_status":"closed","sticky":false,"template":"","format":"standard","meta":{"advanced_seo_description":"","jetpack_seo_html_title":"","jetpack_seo_noindex":false,"_jetpack_memberships_contains_paid_content":false,"footnotes":"","jetpack_publicize_message":"","jetpack_publicize_feature_enabled":true,"jetpack_social_post_already_shared":true,"jetpack_social_options":{"image_generator_settings":{"template":"highway","default_image_id":0,"font":"","enabled":false},"version":2}},"categories":[1897],"tags":[],"class_list":["post-98572","post","type-post","status-publish","format-standard","has-post-thumbnail","hentry","category-destacado-nacional"],"jetpack_publicize_connections":[],"jetpack_featured_media_url":"https:\/\/portaltactica.com\/wp-content\/uploads\/2025\/10\/4.jpg","jetpack_sharing_enabled":true,"_links":{"self":[{"href":"https:\/\/portaltactica.com\/index.php?rest_route=\/wp\/v2\/posts\/98572","targetHints":{"allow":["GET"]}}],"collection":[{"href":"https:\/\/portaltactica.com\/index.php?rest_route=\/wp\/v2\/posts"}],"about":[{"href":"https:\/\/portaltactica.com\/index.php?rest_route=\/wp\/v2\/types\/post"}],"author":[{"embeddable":true,"href":"https:\/\/portaltactica.com\/index.php?rest_route=\/wp\/v2\/users\/2"}],"replies":[{"embeddable":true,"href":"https:\/\/portaltactica.com\/index.php?rest_route=%2Fwp%2Fv2%2Fcomments&post=98572"}],"version-history":[{"count":1,"href":"https:\/\/portaltactica.com\/index.php?rest_route=\/wp\/v2\/posts\/98572\/revisions"}],"predecessor-version":[{"id":98574,"href":"https:\/\/portaltactica.com\/index.php?rest_route=\/wp\/v2\/posts\/98572\/revisions\/98574"}],"wp:featuredmedia":[{"embeddable":true,"href":"https:\/\/portaltactica.com\/index.php?rest_route=\/wp\/v2\/media\/98573"}],"wp:attachment":[{"href":"https:\/\/portaltactica.com\/index.php?rest_route=%2Fwp%2Fv2%2Fmedia&parent=98572"}],"wp:term":[{"taxonomy":"category","embeddable":true,"href":"https:\/\/portaltactica.com\/index.php?rest_route=%2Fwp%2Fv2%2Fcategories&post=98572"},{"taxonomy":"post_tag","embeddable":true,"href":"https:\/\/portaltactica.com\/index.php?rest_route=%2Fwp%2Fv2%2Ftags&post=98572"}],"curies":[{"name":"wp","href":"https:\/\/api.w.org\/{rel}","templated":true}]}}