{"id":98563,"date":"2025-10-02T13:25:31","date_gmt":"2025-10-02T20:25:31","guid":{"rendered":"https:\/\/portaltactica.com\/?p=98563"},"modified":"2025-10-02T13:25:39","modified_gmt":"2025-10-02T20:25:39","slug":"rodrigo-huescas-fuera-el-resto-de-la-temporada-su-lugar-en-el-mundial-2026-sigue-en-el-aire","status":"publish","type":"post","link":"https:\/\/portaltactica.com\/?p=98563","title":{"rendered":"Rodrigo Huescas fuera el resto de la temporada; su lugar en el Mundial 2026 sigue en el aire"},"content":{"rendered":"\n<p>La temporada de<strong>&nbsp;Rodrigo Huescas<\/strong>&nbsp;lleg\u00f3 a su fin, pues el lateral derecho mexicano sufri\u00f3 una lesi\u00f3n grave en su rodilla, esto de acuerdo con el propio Copenhague que lanz\u00f3 un comunicado para dar a conocer esta terrible noticia.<\/p>\n\n\n\n<p>El cuadro dan\u00e9s<strong>&nbsp;sigue sin especificar cu\u00e1l es la lesi\u00f3n del canterano de Cruz Azul,<\/strong>&nbsp;pero s\u00ed dej\u00f3 en claro que pasar\u00e1 por el quir\u00f3fano y deber\u00e1 de cumplir un largo per\u00edodo de recuperaci\u00f3n para regresar a las canchas, por lo que ya no jugar\u00e1 los meses restantes.<\/p>\n\n\n\n<p>&#8220;El jueves por la noche, Rodrigo se someti\u00f3 a una ecograf\u00eda en Copenhague, que, lamentablemente, confirm\u00f3 que la lesi\u00f3n es tan grave como se tem\u00eda inicialmente.<strong>&nbsp;Esto significa que Rodrigo se enfrenta ahora a una cirug\u00eda y a un largo per\u00edodo de rehabilitaci\u00f3n, y<\/strong>&nbsp;estar\u00e1 de baja, como m\u00ednimo, lo que resta de temporada&#8221;, explic\u00f3 el club.<\/p>\n\n\n\n<p>Aunque todav\u00eda no se ha dado a conocer qu\u00e9 lesi\u00f3n afect\u00f3 a Huescas, algunos reportes se\u00f1alan que se trata de una<strong>&nbsp;rotura de ligamento cruzado,<\/strong>&nbsp;por lo que estar\u00eda fuera alrededor de ocho meses, lo que significar\u00eda que llegar al Mundial de 2026 luce imposible.<\/p>\n\n\n\n<p>Estos mismos reportes aseguran que el cuadro dan\u00e9s volver\u00e1 a someter a Huescas a otros estudios el viernes,&nbsp;<strong>pues la rodilla afectada estar\u00e1 un poco m\u00e1s desinflama<\/strong>&nbsp;lo que permitir\u00e1 confirmar si se trata de una rotura de ligamento o alguna otra afectaci\u00f3n.<\/p>\n\n\n\n<h2 class=\"wp-block-heading\"><strong>Director t\u00e9cnico del Copenhague lamenta lo sucedido<\/strong><\/h2>\n\n\n\n<p>La lesi\u00f3n del joven mexicano debilitar\u00e1 el costado derecho del equipo dan\u00e9s, pues Huescas ya se hab\u00eda adue\u00f1ado de esa banda gracias a su gran calidad a la hora de llegar a la l\u00ednea del fondo.<\/p>\n\n\n\n<p><strong>Jacob Neestrup<\/strong>, t\u00e9cnico del Copenhague, reconoci\u00f3 las grandes cualidades del mexicano y dej\u00f3 en claro que su ausencia ser\u00e1 importante para \u00e9l.<\/p>\n\n\n\n<p>&#8220;Desde su llegada el verano pasado,&nbsp;<strong>Rodrigo ha demostrado ser un jugador excepcionalmente talentoso&nbsp;<\/strong>que se ha convertido en una figura clave para el F.C. Copenhague y la Superliga. Ha mostrado un desarrollo continuo y estaba a punto de dar el salto a Europa.&#8221;<\/p>\n\n\n\n<p>De igual manera, el estratega habl\u00f3 sobre<strong>&nbsp;el sue\u00f1o de Huescas para estar en la Copa del Mundo de 2026,&nbsp;<\/strong>y asegur\u00f3 que todos en el club estar\u00e1n a su disposici\u00f3n para apoyarlo en lo que necesite.<\/p>\n\n\n\n<p>&#8220;Adem\u00e1s,<strong>&nbsp;esperaba con ansias el Mundial en casa, en M\u00e9xico, el pr\u00f3ximo verano,&nbsp;<\/strong>si continuaba con su excelente rendimiento. Lamentamos profundamente la p\u00e9rdida de Rodrigo. Se necesita una mentalidad fuerte para recuperarse de algo as\u00ed, y lo apoyaremos en todo momento. Es obvio que, como equipo, echaremos de menos sus cualidades en el campo, pero tambi\u00e9n puedo prometer que todos en el F.C. Copenhague y sus alrededores har\u00e1n todo lo posible para ayudar a Rodrigo a volver con m\u00e1s fuerza, para que podamos volver a disfrutar de sus cualidades en el campo.&#8221;<\/p>\n<div class='share-to-whatsapp-wrapper'><div class='share-on-whsp'>Share on: <\/div><a data-text='Rodrigo Huescas fuera el resto de la temporada; su lugar en el Mundial 2026 sigue en el aire' data-link='https:\/\/portaltactica.com\/?p=98563' class='whatsapp-button whatsapp-share'>WhatsApp<\/a><div class='clear '><\/div><\/div>","protected":false},"excerpt":{"rendered":"<p>La temporada de&nbsp;Rodrigo Huescas&nbsp;lleg\u00f3 a su fin, pues el lateral derecho mexicano sufri\u00f3 una lesi\u00f3n grave en su rodilla, esto de&hellip;<\/p>\n","protected":false},"author":2,"featured_media":98564,"comment_status":"closed","ping_status":"closed","sticky":false,"template":"","format":"standard","meta":{"advanced_seo_description":"","jetpack_seo_html_title":"","jetpack_seo_noindex":false,"_jetpack_memberships_contains_paid_content":false,"footnotes":"","jetpack_publicize_message":"","jetpack_publicize_feature_enabled":true,"jetpack_social_post_already_shared":true,"jetpack_social_options":{"image_generator_settings":{"template":"highway","default_image_id":0,"font":"","enabled":false},"version":2}},"categories":[1898],"tags":[],"class_list":["post-98563","post","type-post","status-publish","format-standard","has-post-thumbnail","hentry","category-destacado-internacional"],"jetpack_publicize_connections":[],"jetpack_featured_media_url":"https:\/\/portaltactica.com\/wp-content\/uploads\/2025\/10\/1-1.jpg","jetpack_sharing_enabled":true,"_links":{"self":[{"href":"https:\/\/portaltactica.com\/index.php?rest_route=\/wp\/v2\/posts\/98563","targetHints":{"allow":["GET"]}}],"collection":[{"href":"https:\/\/portaltactica.com\/index.php?rest_route=\/wp\/v2\/posts"}],"about":[{"href":"https:\/\/portaltactica.com\/index.php?rest_route=\/wp\/v2\/types\/post"}],"author":[{"embeddable":true,"href":"https:\/\/portaltactica.com\/index.php?rest_route=\/wp\/v2\/users\/2"}],"replies":[{"embeddable":true,"href":"https:\/\/portaltactica.com\/index.php?rest_route=%2Fwp%2Fv2%2Fcomments&post=98563"}],"version-history":[{"count":1,"href":"https:\/\/portaltactica.com\/index.php?rest_route=\/wp\/v2\/posts\/98563\/revisions"}],"predecessor-version":[{"id":98565,"href":"https:\/\/portaltactica.com\/index.php?rest_route=\/wp\/v2\/posts\/98563\/revisions\/98565"}],"wp:featuredmedia":[{"embeddable":true,"href":"https:\/\/portaltactica.com\/index.php?rest_route=\/wp\/v2\/media\/98564"}],"wp:attachment":[{"href":"https:\/\/portaltactica.com\/index.php?rest_route=%2Fwp%2Fv2%2Fmedia&parent=98563"}],"wp:term":[{"taxonomy":"category","embeddable":true,"href":"https:\/\/portaltactica.com\/index.php?rest_route=%2Fwp%2Fv2%2Fcategories&post=98563"},{"taxonomy":"post_tag","embeddable":true,"href":"https:\/\/portaltactica.com\/index.php?rest_route=%2Fwp%2Fv2%2Ftags&post=98563"}],"curies":[{"name":"wp","href":"https:\/\/api.w.org\/{rel}","templated":true}]}}