{"id":98550,"date":"2025-10-01T13:41:55","date_gmt":"2025-10-01T20:41:55","guid":{"rendered":"https:\/\/portaltactica.com\/?p=98550"},"modified":"2025-10-01T13:41:57","modified_gmt":"2025-10-01T20:41:57","slug":"ancelotti-hace-oficial-la-convocatoria-de-vinicius-y-rodrygo-para-los-amistosos-de-brasil","status":"publish","type":"post","link":"https:\/\/portaltactica.com\/?p=98550","title":{"rendered":"Ancelotti hace oficial la convocatoria de Vinicius y Rodrygo para los amistosos de Brasil"},"content":{"rendered":"\n<p>El seleccionador brasile\u00f1o<strong>, Carlo Ancelotti,&nbsp;<\/strong>convoc\u00f3 este mi\u00e9rcoles a los atacantes&nbsp;<strong>Vinicius Jr. y Rodrygo<\/strong>, sus expupilos en el Real Madrid, para los&nbsp;<strong>partidos amistosos&nbsp;<\/strong>de este mes con&nbsp;<strong>Jap\u00f3n y Corea del Sur,<\/strong>&nbsp;preparatorios para el&nbsp;<strong>Mundial de 2026.<\/strong><\/p>\n\n\n\n<p><strong>Vin\u00edcius&nbsp;<\/strong>no fue convocado para los dos \u00faltimos partidos de Brasil por las eliminatorias mundialistas, contra<strong>&nbsp;Chile y Bolivia<\/strong>, debido a que ten\u00eda que cumplir&nbsp;<strong>una fecha de suspensi\u00f3n<\/strong>, y&nbsp;<strong>Rodrygo&nbsp;<\/strong>hasta ahora no hab\u00eda sido tenido en cuenta por Ancelotti por sus diferentes&nbsp;<strong>problemas f\u00edsicos.<\/strong><\/p>\n\n\n\n<p>El entrenador italiano explic\u00f3 que su&nbsp;<strong>lista de 26 convocados<\/strong>&nbsp;para los amistosos&nbsp;<strong>no es definitiva<\/strong>&nbsp;debido a que tuvo muchas limitaciones por jugadores que se lesionaron.<\/p>\n\n\n\n<p>Dijo igualmente que le<strong>&nbsp;dio prioridad a los jugadores que act\u00faan para clubes europeos&nbsp;<\/strong>debido a que tendr\u00e1n menos dificultades de viaje y de diferencia horaria para desplazarse hasta Asia.<\/p>\n\n\n\n<p>De clubes brasile\u00f1os tan solo convoc\u00f3 al portero&nbsp;<strong>Hugo Souza<\/strong>, del Corinthians, y al defensa&nbsp;<strong>Fabr\u00edcio Bruno<\/strong>, del Cruzeiro.<\/p>\n\n\n\n<p>Aclar\u00f3, sin embargo, que&nbsp;<strong>su intenci\u00f3n no es hacer pruebas en los amistosos&nbsp;<\/strong>debido a que &#8220;ya no hay nada que inventar en el futbol&#8221; y a que tiene que pensar en el equipo con el que disputar\u00e1 el Mundial.<\/p>\n\n\n\n<p><strong>\u00bfQu\u00e9 jugadores de Brasil est\u00e1n lesionados?<\/strong><\/p>\n\n\n\n<p>Adem\u00e1s de<strong>&nbsp;Raphinha, Alexsandro Ribeiro y Marquinhos<\/strong>, cuyos clubes ya hab\u00edan comunicado a la Confederaci\u00f3n Brasile\u00f1a de Futbol que sus lesiones los impedir\u00edan estar en condiciones, a la lista de bajas se sumaron esta semana<strong>&nbsp;Andrey Santos<\/strong>&nbsp;y el portero&nbsp;<strong>Alisson<\/strong>, que pasaron al cuidado de los m\u00e9dicos tras los partidos de esta semana del&nbsp;<strong>Chelsea y el Liverpool.<\/strong><\/p>\n\n\n\n<p><strong>\u00c9der Milit\u00e3o,&nbsp;<\/strong>que fue sustituido en el primer tiempo del derbi entre Real Madrid y Atl\u00e9tico de Madrid, era duda igualmente por&nbsp;<strong>problemas musculares<\/strong>, pero Ancelotti dijo que, tras haber conversado telef\u00f3nicamente con \u00e9l, considera que&nbsp;<strong>est\u00e1 en condiciones.<\/strong><\/p>\n\n\n\n<h2 class=\"wp-block-heading\">\u00bfCu\u00e1ndo juega Brasil en la Fecha FIFA de octubre?<\/h2>\n\n\n\n<p>En sus dos primeros partidos preparatorios para el Mundial del pr\u00f3ximo a\u00f1o, Brasil visitar\u00e1 a Corea del Sur en Se\u00fal, el pr\u00f3ximo 10 de octubre, y cuatro d\u00edas despu\u00e9s se enfrentar\u00e1 a Jap\u00f3n en Tokio.<\/p>\n\n\n\n<p>La Canarinha a\u00fan tiene previstos otros dos amistosos este a\u00f1o, en&nbsp;<strong>noviembre<\/strong>, probablemente contra selecciones africanas, a las que enfrentar\u00e1 en&nbsp;<strong>Londres y Par\u00eds.<\/strong><\/p>\n\n\n\n<p>En marzo de&nbsp;<strong>2026<\/strong>, en la siguiente fecha FIFA, la intenci\u00f3n es enfrentarse a<strong>&nbsp;dos selecciones europeas de elite<\/strong>, seg\u00fan el t\u00e9cnico.<\/p>\n\n\n\n<h2 class=\"wp-block-heading\">Lista de convocados de Brasil para Fecha FIFA de octubre<\/h2>\n\n\n\n<ul class=\"wp-block-list\">\n<li><strong>Porteros:\u00a0<\/strong>Bento (Al-Nassr\/SAU), Ederson (Fenerbah\u00e7e\/TUR), Hugo Souza (Corinthians).<\/li>\n\n\n\n<li><strong>Defensas<\/strong>: Caio Henrique (M\u00f3naco\/FRA), Carlos Augusto (Inter\/ITA), Douglas Santos (Z\u00e9nit\/RUS), \u00c9der Militao (Real Madrid\/ESP), Fabricio Bruno (Cruzeiro), Gabriel Magalhaes (Arsenal\/ING), Lucas Beraldo (PSG\/FRA), Vanderson (M\u00f3naco\/FRA) y Wesley (Roma\/ITA).<\/li>\n\n\n\n<li><strong>Centrocampistas<\/strong>: Andre (Wolverhampton\/ING), Bruno Guimaraes (Newcastle\/ING), Casemiro (M\u00e1nchester United\/ING); Joao Gomes (Wolverhampton\/ING), Joelinton (Newcastle\/ING) y Lucas Paquet\u00e1 (West Ham\/ING).<\/li>\n\n\n\n<li><strong>Delanteros<\/strong>: Estevao (Chelsea\/ING), Gabriel Martinelli (Arsenal\/ING), Igor Jes\u00fas (Nottingham Forest\/ING), Luiz Henrique (Z\u00e9nit\/RUS), Matheus Cunha (Manchester United\/ING), Richarlison (Tottenham\/ING), Rodrygo (Real Madrid\/ESP), Vin\u00edcius J\u00fanior (Real Madrid\/ESP).<\/li>\n<\/ul>\n<div class='share-to-whatsapp-wrapper'><div class='share-on-whsp'>Share on: <\/div><a data-text='Ancelotti hace oficial la convocatoria de Vinicius y Rodrygo para los amistosos de Brasil' data-link='https:\/\/portaltactica.com\/?p=98550' class='whatsapp-button whatsapp-share'>WhatsApp<\/a><div class='clear '><\/div><\/div>","protected":false},"excerpt":{"rendered":"<p>El seleccionador brasile\u00f1o, Carlo Ancelotti,&nbsp;convoc\u00f3 este mi\u00e9rcoles a los atacantes&nbsp;Vinicius Jr. y Rodrygo, sus expupilos en el Real Madrid, para los&nbsp;partidos&hellip;<\/p>\n","protected":false},"author":2,"featured_media":98551,"comment_status":"closed","ping_status":"closed","sticky":false,"template":"","format":"standard","meta":{"advanced_seo_description":"","jetpack_seo_html_title":"","jetpack_seo_noindex":false,"_jetpack_memberships_contains_paid_content":false,"footnotes":"","jetpack_publicize_message":"","jetpack_publicize_feature_enabled":true,"jetpack_social_post_already_shared":true,"jetpack_social_options":{"image_generator_settings":{"template":"highway","default_image_id":0,"font":"","enabled":false},"version":2}},"categories":[1898],"tags":[],"class_list":["post-98550","post","type-post","status-publish","format-standard","has-post-thumbnail","hentry","category-destacado-internacional"],"jetpack_publicize_connections":[],"jetpack_featured_media_url":"https:\/\/portaltactica.com\/wp-content\/uploads\/2025\/10\/5.png","jetpack_sharing_enabled":true,"_links":{"self":[{"href":"https:\/\/portaltactica.com\/index.php?rest_route=\/wp\/v2\/posts\/98550","targetHints":{"allow":["GET"]}}],"collection":[{"href":"https:\/\/portaltactica.com\/index.php?rest_route=\/wp\/v2\/posts"}],"about":[{"href":"https:\/\/portaltactica.com\/index.php?rest_route=\/wp\/v2\/types\/post"}],"author":[{"embeddable":true,"href":"https:\/\/portaltactica.com\/index.php?rest_route=\/wp\/v2\/users\/2"}],"replies":[{"embeddable":true,"href":"https:\/\/portaltactica.com\/index.php?rest_route=%2Fwp%2Fv2%2Fcomments&post=98550"}],"version-history":[{"count":1,"href":"https:\/\/portaltactica.com\/index.php?rest_route=\/wp\/v2\/posts\/98550\/revisions"}],"predecessor-version":[{"id":98552,"href":"https:\/\/portaltactica.com\/index.php?rest_route=\/wp\/v2\/posts\/98550\/revisions\/98552"}],"wp:featuredmedia":[{"embeddable":true,"href":"https:\/\/portaltactica.com\/index.php?rest_route=\/wp\/v2\/media\/98551"}],"wp:attachment":[{"href":"https:\/\/portaltactica.com\/index.php?rest_route=%2Fwp%2Fv2%2Fmedia&parent=98550"}],"wp:term":[{"taxonomy":"category","embeddable":true,"href":"https:\/\/portaltactica.com\/index.php?rest_route=%2Fwp%2Fv2%2Fcategories&post=98550"},{"taxonomy":"post_tag","embeddable":true,"href":"https:\/\/portaltactica.com\/index.php?rest_route=%2Fwp%2Fv2%2Ftags&post=98550"}],"curies":[{"name":"wp","href":"https:\/\/api.w.org\/{rel}","templated":true}]}}