{"id":98252,"date":"2025-09-22T14:54:49","date_gmt":"2025-09-22T21:54:49","guid":{"rendered":"https:\/\/portaltactica.com\/?p=98252"},"modified":"2025-09-22T14:55:41","modified_gmt":"2025-09-22T21:55:41","slug":"logran-judocas-patasalada-cinturon-negro","status":"publish","type":"post","link":"https:\/\/portaltactica.com\/?p=98252","title":{"rendered":"Logran judocas &#8216;patasalada&#8217; cintur\u00f3n negro"},"content":{"rendered":"\n<p>Del 18 al 21 de septiembre, un grupo de 12 judocas consigue el grado de Primer Dan en el Sal\u00f3n de Usos M\u00faltiples del Instituto Municipal del Deporte Mazatl\u00e1n.<br><br><br>Mazatl\u00e1n, Sinaloa a 21 de septiembre de 2025.- La visita del Shihan, Juan Gerardo Guerrero Ortiz, director de grados y de kata de la Federaci\u00f3n Mexicana de Judo, enmarc\u00f3 la Evaluaci\u00f3n de Cinturones Negros realizada en el Sal\u00f3n de Usos M\u00faltiples del Imdem.<br><br>Con el apoyo del Gobierno de Mazatl\u00e1n que encabeza la Presidenta, Estrella Palacios Dom\u00ednguez, 10 aspirantes a cinturones negros primer dan y 2 a segundo dan, de Sinaloa y Nayarit, se reunieron en el puerto para someterse a una evaluaci\u00f3n exhaustiva.<br><br>&#8220;El evento dej\u00f3 una huella positiva en el desarrollo del judo en la regi\u00f3n, por lo que agradecemos el apoyo del Gobierno Municipal y de la licenciada, Fabiola Judith Verde Rosas, as\u00ed como de Jos\u00e9 \u00c1ngel Vega Salcido, por el gran apoyo recibido para el judo estatal&#8221;, coment\u00f3 Jos\u00e9 Manuel N\u00fa\u00f1ez Guti\u00e9rrez, presidente de la Asociaci\u00f3n Estatal de Judocas de Sinaloa.<br><br>Los participantes originarios de Culiac\u00e1n, Rosario, Mazatl\u00e1n y Tepic, demostraron un alto nivel t\u00e9cnico y comprensi\u00f3n de las t\u00e9cnicas fundamentales del judo, como proyecciones (nage-waza) e inmovilizaciones (katame-waza), durante el proceso que culmin\u00f3 en un examen en el que se les calific\u00f3 su habilidad y conocimiento previo a otorgarles el Primer Dan.\u00a0<br><br>Alejandro Trevi\u00f1o Morales, presidente de la Asociaci\u00f3n de Judo de Nayarit, as\u00ed como el mazatleco, C\u00e9sar Eduardo Ram\u00edrez Sarabia, alcanzaron el Segundo Dan, mientras que el Sensei, Froil\u00e1n Gerardo Delgado Sol\u00f3rzano (UAS Culiac\u00e1n), y el Sensei, Eduardo Rivera Medina, \u00e9ste \u00faltimo entrenador de la selecci\u00f3n estatal, estuvieron presentes en el evento.<br><br>Los ukes de apoyo, Julio C\u00e9sar Rojas Pineda y Federico Javier Torres Ju\u00e1rez, tuvieron un papel fundamental en el examen, ya que su capacidad para recibir la t\u00e9cnica de manera segura y colaborativa permiti\u00f3 que los aspirantes desarrollaran y perfeccionaran sus movimientos para obtener el nivel de cintur\u00f3n negro.<br><br>El presidente de la Asociaci\u00f3n Estatal de Judocas de Sinaloa agradeci\u00f3 el apoyo de la Escuela Superior de Fisioterapia y Rehabilitaci\u00f3n, por recuperar y optimizar el rendimiento f\u00edsico de los atletas durante los cuatro d\u00edas de trabajo.<br><br>JUDOCAS QUE COMPLETARON EL EXAMEN <br>Ian Xavier Torres G\u00f3mez (Mazatl\u00e1n)<br>Mario Balam Torres G\u00f3mez (Mazatl\u00e1n)<br>Josu\u00e9 Tonatiuh Torres Mart\u00ednez (Mazatl\u00e1n)<br>Pilar Meza Mart\u00ednez <br>Andr\u00e9s Josu\u00e9 Delf\u00edn Rodr\u00edguez (Mazatl\u00e1n)<br>Karina Ximena Meda Ibarra (Mazatl\u00e1n)<br>M\u00eda Paola Madrid Vel\u00e1zquez <br>Ang\u00e9lica Aide Delgado Ram\u00edrez <br>V\u00edctor Nezahualc\u00f3yotl Mendoza Betancurt <br>H\u00e9ctor Rodolfo S\u00e1nchez V\u00e1squez (Mazatl\u00e1n)<br>C\u00e9sar Eduardo Ram\u00edrez Sarabia (Mazatl\u00e1n)<br>Alejandro Trevi\u00f1o Castro<\/p>\n<div class='share-to-whatsapp-wrapper'><div class='share-on-whsp'>Share on: <\/div><a data-text='Logran judocas 'patasalada' cintur\u00f3n negro' data-link='https:\/\/portaltactica.com\/?p=98252' class='whatsapp-button whatsapp-share'>WhatsApp<\/a><div class='clear '><\/div><\/div>","protected":false},"excerpt":{"rendered":"<p>Del 18 al 21 de septiembre, un grupo de 12 judocas consigue el grado de Primer Dan en el Sal\u00f3n de&hellip;<\/p>\n","protected":false},"author":1,"featured_media":98251,"comment_status":"closed","ping_status":"","sticky":false,"template":"","format":"standard","meta":{"advanced_seo_description":"","jetpack_seo_html_title":"","jetpack_seo_noindex":false,"_jetpack_memberships_contains_paid_content":false,"footnotes":"","jetpack_publicize_message":"","jetpack_publicize_feature_enabled":true,"jetpack_social_post_already_shared":true,"jetpack_social_options":{"image_generator_settings":{"template":"highway","default_image_id":0,"font":"","enabled":false},"version":2}},"categories":[1899],"tags":[37],"class_list":["post-98252","post","type-post","status-publish","format-standard","has-post-thumbnail","hentry","category-destacado-mazatlan","tag-imdem"],"jetpack_publicize_connections":[],"jetpack_featured_media_url":"https:\/\/portaltactica.com\/wp-content\/uploads\/2025\/09\/IMG-20250922-WA0016.jpg","jetpack_sharing_enabled":true,"_links":{"self":[{"href":"https:\/\/portaltactica.com\/index.php?rest_route=\/wp\/v2\/posts\/98252","targetHints":{"allow":["GET"]}}],"collection":[{"href":"https:\/\/portaltactica.com\/index.php?rest_route=\/wp\/v2\/posts"}],"about":[{"href":"https:\/\/portaltactica.com\/index.php?rest_route=\/wp\/v2\/types\/post"}],"author":[{"embeddable":true,"href":"https:\/\/portaltactica.com\/index.php?rest_route=\/wp\/v2\/users\/1"}],"replies":[{"embeddable":true,"href":"https:\/\/portaltactica.com\/index.php?rest_route=%2Fwp%2Fv2%2Fcomments&post=98252"}],"version-history":[{"count":1,"href":"https:\/\/portaltactica.com\/index.php?rest_route=\/wp\/v2\/posts\/98252\/revisions"}],"predecessor-version":[{"id":98253,"href":"https:\/\/portaltactica.com\/index.php?rest_route=\/wp\/v2\/posts\/98252\/revisions\/98253"}],"wp:featuredmedia":[{"embeddable":true,"href":"https:\/\/portaltactica.com\/index.php?rest_route=\/wp\/v2\/media\/98251"}],"wp:attachment":[{"href":"https:\/\/portaltactica.com\/index.php?rest_route=%2Fwp%2Fv2%2Fmedia&parent=98252"}],"wp:term":[{"taxonomy":"category","embeddable":true,"href":"https:\/\/portaltactica.com\/index.php?rest_route=%2Fwp%2Fv2%2Fcategories&post=98252"},{"taxonomy":"post_tag","embeddable":true,"href":"https:\/\/portaltactica.com\/index.php?rest_route=%2Fwp%2Fv2%2Ftags&post=98252"}],"curies":[{"name":"wp","href":"https:\/\/api.w.org\/{rel}","templated":true}]}}