{"id":98241,"date":"2025-09-22T13:52:20","date_gmt":"2025-09-22T20:52:20","guid":{"rendered":"https:\/\/portaltactica.com\/?p=98241"},"modified":"2025-09-22T13:52:22","modified_gmt":"2025-09-22T20:52:22","slug":"adios-a-madrid-vinicius-podria-irse-por-el-desprecio-de-xabi-alonso","status":"publish","type":"post","link":"https:\/\/portaltactica.com\/?p=98241","title":{"rendered":"\u00bfAdi\u00f3s a Madrid? Vinicius podr\u00eda irse por el &#8216;desprecio&#8217; de Xabi Alonso"},"content":{"rendered":"\n<p>Desde que\u00a0<strong>Xabi Alonso\u00a0<\/strong>tom\u00f3 las riendas del\u00a0<strong>Real Madrid<\/strong>\u00a0se ha hablado mundo sobre su relaci\u00f3n con\u00a0<strong>Vinicius Jr,<\/strong>\u00a0jugador que no ha podio destacar con los\u00a0<strong>Merengues\u00a0<\/strong>en el arranque de la<strong>\u00a0Temporada 2025-26.<\/strong><\/p>\n\n\n\n<p>En este contexto, en las \u00faltimas horas&nbsp;<strong>se report\u00f3 desde Espa\u00f1a&nbsp;<\/strong>que el futbolista brasile\u00f1o podr\u00eda estar<strong>&nbsp;planeando su salida de las filas<\/strong>&nbsp;del conjunto blanco con el que fich\u00f3 en&nbsp;<strong>2018<\/strong>.<\/p>\n\n\n\n<h2 class=\"wp-block-heading\">\u00bfVinicius dejar\u00e1 de ser jugador del Real Madrid?<\/h2>\n\n\n\n<p>De acuerdo con informaci\u00f3n dada a conocer por el periodista&nbsp;<strong>Marcos Benito<\/strong>&nbsp;de &#8216;<em>El Chiringuito&#8217;<\/em>, el sudamericano&nbsp;<strong>podr\u00eda dejar el Real Madrid en los pr\u00f3ximos mercados de fichajes&nbsp;<\/strong>debido a que se siente &#8216;ninguneado&#8217; por su nuevo entrenador.<\/p>\n\n\n\n<p>\u200b&#8221;Si la situaci\u00f3n sigue as\u00ed,\u00a0<strong>la posibilidad de que\u00a0Vinicius Jr.\u00a0no siga en enero est\u00e1 encima de la mesa.<\/strong>\u00a0Si de aqu\u00ed a enero \u00e9l no se siente un jugador importante, al menos demostr\u00e1ndolo en el campo, van a pasar cosas.\u00a0<strong>Y si no pasan en enero, est\u00e1 garantizado que en verano no creo que Vinicius siga en el Real Madrid&#8221;<\/strong>, inform\u00f3.<\/p>\n\n\n\n<p>Mientras que&nbsp;<em><strong>Mundo Deportivo<\/strong><\/em>&nbsp;report\u00f3 que este lunes el&nbsp;<strong>representante del futbolista brasile\u00f1o<\/strong>&nbsp;acudi\u00f3 a las oficinas del club para sostener una reuni\u00f3n con la directiva merengue, algo que sin duda&nbsp;<strong>llam\u00f3 mucho la atenci\u00f3n<\/strong>&nbsp;y aviv\u00f3 los rumores sobre una posible salida.<\/p>\n\n\n\n<p><strong>\u00bfCu\u00e1ndo termina el contrato de Vinicius con Real Madrid?<\/strong><\/p>\n\n\n\n<p>El actual contrato de&nbsp;<strong>Vinicius&nbsp;<\/strong>\u2014de 25 a\u00f1os de edad\u2014 termina el&nbsp;<strong>verano del 2027<\/strong>; pese a que a\u00fan le resta poco m\u00e1s de a\u00f1o y medio de contrato ya se le ha vinculado al sudamericano con el futbol de&nbsp;<strong>Arabia Saudita<\/strong>, el cual no tendr\u00eda problemas en pagar su fichajes, pues de acuerdo con el sitio&nbsp;<strong>Transfermarkt&nbsp;<\/strong>tiene un valor de mercado que ronda los&nbsp;<strong>170 millones de euros<\/strong>.<\/p>\n<div class='share-to-whatsapp-wrapper'><div class='share-on-whsp'>Share on: <\/div><a data-text='\u00bfAdi\u00f3s a Madrid? Vinicius podr\u00eda irse por el 'desprecio' de Xabi Alonso' data-link='https:\/\/portaltactica.com\/?p=98241' class='whatsapp-button whatsapp-share'>WhatsApp<\/a><div class='clear '><\/div><\/div>","protected":false},"excerpt":{"rendered":"<p>Desde que\u00a0Xabi Alonso\u00a0tom\u00f3 las riendas del\u00a0Real Madrid\u00a0se ha hablado mundo sobre su relaci\u00f3n con\u00a0Vinicius Jr,\u00a0jugador que no ha podio destacar con&hellip;<\/p>\n","protected":false},"author":2,"featured_media":98242,"comment_status":"closed","ping_status":"closed","sticky":false,"template":"","format":"standard","meta":{"advanced_seo_description":"","jetpack_seo_html_title":"","jetpack_seo_noindex":false,"_jetpack_memberships_contains_paid_content":false,"footnotes":"","jetpack_publicize_message":"","jetpack_publicize_feature_enabled":true,"jetpack_social_post_already_shared":true,"jetpack_social_options":{"image_generator_settings":{"template":"highway","default_image_id":0,"font":"","enabled":false},"version":2}},"categories":[1898],"tags":[],"class_list":["post-98241","post","type-post","status-publish","format-standard","has-post-thumbnail","hentry","category-destacado-internacional"],"jetpack_publicize_connections":[],"jetpack_featured_media_url":"https:\/\/portaltactica.com\/wp-content\/uploads\/2025\/09\/4-15.jpg","jetpack_sharing_enabled":true,"_links":{"self":[{"href":"https:\/\/portaltactica.com\/index.php?rest_route=\/wp\/v2\/posts\/98241","targetHints":{"allow":["GET"]}}],"collection":[{"href":"https:\/\/portaltactica.com\/index.php?rest_route=\/wp\/v2\/posts"}],"about":[{"href":"https:\/\/portaltactica.com\/index.php?rest_route=\/wp\/v2\/types\/post"}],"author":[{"embeddable":true,"href":"https:\/\/portaltactica.com\/index.php?rest_route=\/wp\/v2\/users\/2"}],"replies":[{"embeddable":true,"href":"https:\/\/portaltactica.com\/index.php?rest_route=%2Fwp%2Fv2%2Fcomments&post=98241"}],"version-history":[{"count":1,"href":"https:\/\/portaltactica.com\/index.php?rest_route=\/wp\/v2\/posts\/98241\/revisions"}],"predecessor-version":[{"id":98243,"href":"https:\/\/portaltactica.com\/index.php?rest_route=\/wp\/v2\/posts\/98241\/revisions\/98243"}],"wp:featuredmedia":[{"embeddable":true,"href":"https:\/\/portaltactica.com\/index.php?rest_route=\/wp\/v2\/media\/98242"}],"wp:attachment":[{"href":"https:\/\/portaltactica.com\/index.php?rest_route=%2Fwp%2Fv2%2Fmedia&parent=98241"}],"wp:term":[{"taxonomy":"category","embeddable":true,"href":"https:\/\/portaltactica.com\/index.php?rest_route=%2Fwp%2Fv2%2Fcategories&post=98241"},{"taxonomy":"post_tag","embeddable":true,"href":"https:\/\/portaltactica.com\/index.php?rest_route=%2Fwp%2Fv2%2Ftags&post=98241"}],"curies":[{"name":"wp","href":"https:\/\/api.w.org\/{rel}","templated":true}]}}