{"id":98152,"date":"2025-09-19T09:09:44","date_gmt":"2025-09-19T16:09:44","guid":{"rendered":"https:\/\/portaltactica.com\/?p=98152"},"modified":"2025-09-19T09:09:50","modified_gmt":"2025-09-19T16:09:50","slug":"barcelona-ya-tiene-sede-confirmada-para-su-partido-de-champions-contra-psg","status":"publish","type":"post","link":"https:\/\/portaltactica.com\/?p=98152","title":{"rendered":"Barcelona ya tiene sede confirmada para su partido de Champions contra PSG"},"content":{"rendered":"\n<p>El\u00a0<strong>FC Barcelona<\/strong>\u00a0confirm\u00f3 a trav\u00e9s de un comunicado oficial que el partido de la\u00a0<strong>Fase de Liga de la\u00a0UEFA Champions League<\/strong>\u00a0frente al\u00a0<strong>Paris Saint-Germain (PSG)<\/strong>\u00a0se disputar\u00e1 en el\u00a0<strong>Estadio Ol\u00edmpico Llu\u00eds Companys de Montjuic<\/strong>.<\/p>\n\n\n\n<p>El conjunto blaugrana hab\u00eda iniciado su actividad en&nbsp;<strong>LaLiga<\/strong>&nbsp;en el&nbsp;<strong>Estadio Johan Cruyff<\/strong>, pero para la competici\u00f3n europea la UEFA exige recintos de mayor capacidad y condiciones espec\u00edficas, por lo que el club trasladar\u00e1 este encuentro a Montjuic, ya que el&nbsp;<strong>Spotify Camp Nou<\/strong>&nbsp;contin\u00faa en remodelaci\u00f3n.<\/p>\n\n\n\n<h3 class=\"wp-block-heading\">Comunicado del Barcelona<\/h3>\n\n\n\n<p>\u201cEl Barcelona anuncia que el segundo partido de la fase de grupos de la Liga de Campeones, previsto para el 1 de octubre contra el Par\u00eds Saint-Germain, se jugar\u00e1 en el Estadio Ol\u00edmpico\u201d, se\u00f1al\u00f3 el club en su nota.<\/p>\n\n\n\n<p>Asimismo, la directiva cul\u00e9 asegur\u00f3 que trabaja para obtener los permisos que permitan la inauguraci\u00f3n del renovado Camp Nou lo m\u00e1s pronto posible.<\/p>\n\n\n\n<h3 class=\"wp-block-heading\">Normativas UEFA en la Champions League<\/h3>\n\n\n\n<p>La&nbsp;<strong>UEFA Champions League<\/strong>&nbsp;establece en su reglamento varias normativas que los clubes deben cumplir en cuanto a sede y organizaci\u00f3n de partidos:<\/p>\n\n\n\n<ul class=\"wp-block-list\">\n<li><strong>Estadio registrado previamente<\/strong>: cada club debe notificar a la UEFA, antes del inicio de la competici\u00f3n, los estadios que usar\u00e1 como sede.<\/li>\n\n\n\n<li><strong>Aforo y seguridad<\/strong>: los encuentros de Champions deben disputarse en recintos con capacidad suficiente para albergar la demanda de p\u00fablico y con estrictos protocolos de seguridad.<\/li>\n\n\n\n<li><strong>Cambio de estadio<\/strong>: cualquier modificaci\u00f3n de sede debe ser aprobada por la UEFA, siempre que el estadio alternativo cumpla los est\u00e1ndares de la competici\u00f3n.<\/li>\n\n\n\n<li><strong>Condiciones de juego y accesibilidad<\/strong>: el terreno debe estar en perfectas condiciones y el estadio debe garantizar accesibilidad para jugadores, \u00e1rbitros, prensa y aficionados.<\/li>\n<\/ul>\n<div class='share-to-whatsapp-wrapper'><div class='share-on-whsp'>Share on: <\/div><a data-text='Barcelona ya tiene sede confirmada para su partido de Champions contra PSG' data-link='https:\/\/portaltactica.com\/?p=98152' class='whatsapp-button whatsapp-share'>WhatsApp<\/a><div class='clear '><\/div><\/div>","protected":false},"excerpt":{"rendered":"<p>El\u00a0FC Barcelona\u00a0confirm\u00f3 a trav\u00e9s de un comunicado oficial que el partido de la\u00a0Fase de Liga de la\u00a0UEFA Champions League\u00a0frente al\u00a0Paris Saint-Germain&hellip;<\/p>\n","protected":false},"author":2,"featured_media":98153,"comment_status":"closed","ping_status":"closed","sticky":false,"template":"","format":"standard","meta":{"advanced_seo_description":"","jetpack_seo_html_title":"","jetpack_seo_noindex":false,"_jetpack_memberships_contains_paid_content":false,"footnotes":"","jetpack_publicize_message":"","jetpack_publicize_feature_enabled":true,"jetpack_social_post_already_shared":true,"jetpack_social_options":{"image_generator_settings":{"template":"highway","default_image_id":0,"font":"","enabled":false},"version":2}},"categories":[1898],"tags":[],"class_list":["post-98152","post","type-post","status-publish","format-standard","has-post-thumbnail","hentry","category-destacado-internacional"],"jetpack_publicize_connections":[],"jetpack_featured_media_url":"https:\/\/portaltactica.com\/wp-content\/uploads\/2025\/09\/3-11-scaled.jpg","jetpack_sharing_enabled":true,"_links":{"self":[{"href":"https:\/\/portaltactica.com\/index.php?rest_route=\/wp\/v2\/posts\/98152","targetHints":{"allow":["GET"]}}],"collection":[{"href":"https:\/\/portaltactica.com\/index.php?rest_route=\/wp\/v2\/posts"}],"about":[{"href":"https:\/\/portaltactica.com\/index.php?rest_route=\/wp\/v2\/types\/post"}],"author":[{"embeddable":true,"href":"https:\/\/portaltactica.com\/index.php?rest_route=\/wp\/v2\/users\/2"}],"replies":[{"embeddable":true,"href":"https:\/\/portaltactica.com\/index.php?rest_route=%2Fwp%2Fv2%2Fcomments&post=98152"}],"version-history":[{"count":1,"href":"https:\/\/portaltactica.com\/index.php?rest_route=\/wp\/v2\/posts\/98152\/revisions"}],"predecessor-version":[{"id":98154,"href":"https:\/\/portaltactica.com\/index.php?rest_route=\/wp\/v2\/posts\/98152\/revisions\/98154"}],"wp:featuredmedia":[{"embeddable":true,"href":"https:\/\/portaltactica.com\/index.php?rest_route=\/wp\/v2\/media\/98153"}],"wp:attachment":[{"href":"https:\/\/portaltactica.com\/index.php?rest_route=%2Fwp%2Fv2%2Fmedia&parent=98152"}],"wp:term":[{"taxonomy":"category","embeddable":true,"href":"https:\/\/portaltactica.com\/index.php?rest_route=%2Fwp%2Fv2%2Fcategories&post=98152"},{"taxonomy":"post_tag","embeddable":true,"href":"https:\/\/portaltactica.com\/index.php?rest_route=%2Fwp%2Fv2%2Ftags&post=98152"}],"curies":[{"name":"wp","href":"https:\/\/api.w.org\/{rel}","templated":true}]}}