{"id":98149,"date":"2025-09-19T09:06:00","date_gmt":"2025-09-19T16:06:00","guid":{"rendered":"https:\/\/portaltactica.com\/?p=98149"},"modified":"2025-09-19T09:06:03","modified_gmt":"2025-09-19T16:06:03","slug":"real-madrid-recupera-a-jude-bellingham-regresa-a-la-convocatoria-tras-tres-meses-fuera","status":"publish","type":"post","link":"https:\/\/portaltactica.com\/?p=98149","title":{"rendered":"Real Madrid recupera a Jude Bellingham: regresa a la convocatoria tras tres meses fuera"},"content":{"rendered":"\n<p>Luego de estar casi tres meses fuera, una de las principales figuras del cuadro Merengue, el seleccionado ingl\u00e9s,\u00a0<strong>Jude Bellingham<\/strong>,\u00a0est\u00e1 de regreso en la convocatoria de los 22 jugadores disponibles para\u00a0<strong>Xabi Alonso<\/strong>, en su pr\u00f3ximo partido de\u00a0<strong>LaLiga<\/strong>\u00a0ante el\u00a0<strong>R.C.D. Espanyol.<\/strong><\/p>\n\n\n\n<h2 class=\"wp-block-heading\">Ya salen las estrellas<\/h2>\n\n\n\n<p>Despu\u00e9s de tres largos meses fuera, Bellingham podr\u00e1 tener su anhelado debut en la competici\u00f3n espa\u00f1ola, acompa\u00f1ado de todas las estrellas del\u00a0<strong>Real Madrid<\/strong>, siendo esta convocatoria una de las m\u00e1s completas desde la llegada de Alonso, ya que las lesiones en el cuadro blanco estaban a la orden del d\u00eda cuando arrib\u00f3 el estratega.<\/p>\n\n\n\n<p>Los Merengues buscar\u00e1n su quinta victoria de manera consecutiva y de esta manera asegurar un fin de semana m\u00e1s su liderato de LaLiga, siendo perseguidos por el&nbsp;<strong>Barcelona<\/strong>, solo con dos puntos abajo.<\/p>\n\n\n\n<h2 class=\"wp-block-heading\">\u00bfPor qu\u00e9 estuvo fuera tanto tiempo Bellingham?<\/h2>\n\n\n\n<p>Jude, fue baja del cuadro espa\u00f1ol en el mes de junio, esto debido a problemas en su hombro desde tiempo atr\u00e1s, sin embargo, con el&nbsp;<strong>Mundial de Clubes&nbsp;<\/strong>a la vuelta de esquina, el jugador opt\u00f3 por retrasar su proceso hasta que las molestias ya fueron demasiado fuertes.<\/p>\n\n\n\n<p>Se estim\u00f3 que el proceso de recuperaci\u00f3n ser\u00eda de dos a tres meses, afortunadamente para el equipo y el jugar este tiempo se redujo. Bellingham, si bien podr\u00eda debutar en esta temporada en LaLiga este fin de semana, en&nbsp;<strong>Champions League<\/strong>&nbsp;ya tuvo una reaparici\u00f3n en la convocatoria del Real Madrid, cuando derrot\u00f3 al&nbsp;<strong>Marsella<\/strong>&nbsp;2-1.<\/p>\n<div class='share-to-whatsapp-wrapper'><div class='share-on-whsp'>Share on: <\/div><a data-text='Real Madrid recupera a Jude Bellingham: regresa a la convocatoria tras tres meses fuera' data-link='https:\/\/portaltactica.com\/?p=98149' class='whatsapp-button whatsapp-share'>WhatsApp<\/a><div class='clear '><\/div><\/div>","protected":false},"excerpt":{"rendered":"<p>Luego de estar casi tres meses fuera, una de las principales figuras del cuadro Merengue, el seleccionado ingl\u00e9s,\u00a0Jude Bellingham,\u00a0est\u00e1 de regreso&hellip;<\/p>\n","protected":false},"author":2,"featured_media":98150,"comment_status":"closed","ping_status":"closed","sticky":false,"template":"","format":"standard","meta":{"advanced_seo_description":"","jetpack_seo_html_title":"","jetpack_seo_noindex":false,"_jetpack_memberships_contains_paid_content":false,"footnotes":"","jetpack_publicize_message":"","jetpack_publicize_feature_enabled":true,"jetpack_social_post_already_shared":true,"jetpack_social_options":{"image_generator_settings":{"template":"highway","default_image_id":0,"font":"","enabled":false},"version":2}},"categories":[1896],"tags":[],"class_list":["post-98149","post","type-post","status-publish","format-standard","has-post-thumbnail","hentry","category-destacado-portada"],"jetpack_publicize_connections":[],"jetpack_featured_media_url":"https:\/\/portaltactica.com\/wp-content\/uploads\/2025\/09\/2-12.jpg","jetpack_sharing_enabled":true,"_links":{"self":[{"href":"https:\/\/portaltactica.com\/index.php?rest_route=\/wp\/v2\/posts\/98149","targetHints":{"allow":["GET"]}}],"collection":[{"href":"https:\/\/portaltactica.com\/index.php?rest_route=\/wp\/v2\/posts"}],"about":[{"href":"https:\/\/portaltactica.com\/index.php?rest_route=\/wp\/v2\/types\/post"}],"author":[{"embeddable":true,"href":"https:\/\/portaltactica.com\/index.php?rest_route=\/wp\/v2\/users\/2"}],"replies":[{"embeddable":true,"href":"https:\/\/portaltactica.com\/index.php?rest_route=%2Fwp%2Fv2%2Fcomments&post=98149"}],"version-history":[{"count":1,"href":"https:\/\/portaltactica.com\/index.php?rest_route=\/wp\/v2\/posts\/98149\/revisions"}],"predecessor-version":[{"id":98151,"href":"https:\/\/portaltactica.com\/index.php?rest_route=\/wp\/v2\/posts\/98149\/revisions\/98151"}],"wp:featuredmedia":[{"embeddable":true,"href":"https:\/\/portaltactica.com\/index.php?rest_route=\/wp\/v2\/media\/98150"}],"wp:attachment":[{"href":"https:\/\/portaltactica.com\/index.php?rest_route=%2Fwp%2Fv2%2Fmedia&parent=98149"}],"wp:term":[{"taxonomy":"category","embeddable":true,"href":"https:\/\/portaltactica.com\/index.php?rest_route=%2Fwp%2Fv2%2Fcategories&post=98149"},{"taxonomy":"post_tag","embeddable":true,"href":"https:\/\/portaltactica.com\/index.php?rest_route=%2Fwp%2Fv2%2Ftags&post=98149"}],"curies":[{"name":"wp","href":"https:\/\/api.w.org\/{rel}","templated":true}]}}