{"id":98117,"date":"2025-09-18T13:04:22","date_gmt":"2025-09-18T20:04:22","guid":{"rendered":"https:\/\/portaltactica.com\/?p=98117"},"modified":"2025-09-18T13:04:54","modified_gmt":"2025-09-18T20:04:54","slug":"jugara-gignac-ante-pumas-su-participacion-en-la-jornada-9-esta-en-duda","status":"publish","type":"post","link":"https:\/\/portaltactica.com\/?p=98117","title":{"rendered":"\u00bfJugar\u00e1 Gignac ante Pumas? Su participaci\u00f3n en la Jornada 9 est\u00e1 en duda"},"content":{"rendered":"\n<p><strong>Tigres<\/strong>\u00a0regres\u00f3 a Monterrey este jueves tras el empate ante\u00a0<strong>Chivas<\/strong>\u00a0y entren\u00f3 en el Estadio Universitario pensando en la\u00a0Jornada 9\u00a0contra\u00a0<strong>Pumas<\/strong>, donde el foco principal fue qu\u00e9 ocurrir\u00e1 con\u00a0<strong>Andr\u00e9-Pierre Gignac<\/strong>.<\/p>\n\n\n\n<p>El delantero franc\u00e9s no fue convocado para el juego pendiente de la&nbsp;<strong>Jornada 1<\/strong>&nbsp;contra Chivas este mi\u00e9rcoles por un golpe en la rodilla derecha, por lo que no viaj\u00f3 a&nbsp;<strong>Guadalajara<\/strong>, luego de que se quej\u00f3 de la molestia al terminar el entrenamiento del martes.<\/p>\n\n\n\n<p>Este jueves tuvo sesi\u00f3n de recuperaci\u00f3n con el fisioterapeuta del club en el&nbsp;<strong>Volc\u00e1n<\/strong>, tanto en gimnasio como en cancha y su disponibilidad ante la UNAM se ver\u00e1 este viernes cuando el plantel viaje a la&nbsp;<strong>Ciudad de M\u00e9xico<\/strong>.<\/p>\n\n\n\n<p>Lo que ocurri\u00f3 con Gignac caus\u00f3 mucha pol\u00e9mica, ya que hubo muchas interpretaciones sobre la lesi\u00f3n y los pocos minutos que est\u00e1 jugando en el&nbsp;<strong>Apertura 2025<\/strong>, con 115 minutos en cuatro juegos, qued\u00e1ndose en la banca contra&nbsp;<strong>Santos<\/strong>&nbsp;y&nbsp;<strong>Le\u00f3n<\/strong>.<\/p>\n\n\n\n<p>Tambi\u00e9n se deber\u00e1 determinar qu\u00e9 sucede con&nbsp;<strong>Joaquin Pereira<\/strong>, quien tiene una molestia muscular y estuvo trabajando con los fisioterapeutas, aunque la sesi\u00f3n de este jueves fue m\u00e1s de trabajo regenerativo para los elementos que fueron titulares contra el Reba\u00f1o.<\/p>\n\n\n\n<p>La buena noticia para los felinos es que&nbsp;<strong>Juan Jos\u00e9 Purata<\/strong>&nbsp;ya estar\u00e1 habilitado para jugar contra Pumas luego de cumplir con su partido de suspensi\u00f3n ante Chivas, ya que Joaquim fue quien lo reemplaz\u00f3 en la defensa contra el Reba\u00f1o.<\/p>\n\n\n\n<p>El equipo entrenar\u00e1 este viernes para cerrar la preparaci\u00f3n y posteriormente viajar\u00e1n a la\u00a0<strong>Ciudad de M\u00e9xico<\/strong>\u00a0para el partido, donde se definir\u00e1 si Joaquim y\u00a0Gignac\u00a0entran en la convocatoria, as\u00ed como el posible XI titular.<\/p>\n<div class='share-to-whatsapp-wrapper'><div class='share-on-whsp'>Share on: <\/div><a data-text='\u00bfJugar\u00e1 Gignac ante Pumas? Su participaci\u00f3n en la Jornada 9 est\u00e1 en duda' data-link='https:\/\/portaltactica.com\/?p=98117' class='whatsapp-button whatsapp-share'>WhatsApp<\/a><div class='clear '><\/div><\/div>","protected":false},"excerpt":{"rendered":"<p>Tigres\u00a0regres\u00f3 a Monterrey este jueves tras el empate ante\u00a0Chivas\u00a0y entren\u00f3 en el Estadio Universitario pensando en la\u00a0Jornada 9\u00a0contra\u00a0Pumas, donde el foco&hellip;<\/p>\n","protected":false},"author":2,"featured_media":98118,"comment_status":"closed","ping_status":"closed","sticky":false,"template":"","format":"standard","meta":{"advanced_seo_description":"","jetpack_seo_html_title":"","jetpack_seo_noindex":false,"_jetpack_memberships_contains_paid_content":false,"footnotes":"","jetpack_publicize_message":"","jetpack_publicize_feature_enabled":true,"jetpack_social_post_already_shared":true,"jetpack_social_options":{"image_generator_settings":{"template":"highway","default_image_id":0,"font":"","enabled":false},"version":2}},"categories":[1897],"tags":[],"class_list":["post-98117","post","type-post","status-publish","format-standard","has-post-thumbnail","hentry","category-destacado-nacional"],"jetpack_publicize_connections":[],"jetpack_featured_media_url":"https:\/\/portaltactica.com\/wp-content\/uploads\/2025\/09\/3-10.jpg","jetpack_sharing_enabled":true,"_links":{"self":[{"href":"https:\/\/portaltactica.com\/index.php?rest_route=\/wp\/v2\/posts\/98117","targetHints":{"allow":["GET"]}}],"collection":[{"href":"https:\/\/portaltactica.com\/index.php?rest_route=\/wp\/v2\/posts"}],"about":[{"href":"https:\/\/portaltactica.com\/index.php?rest_route=\/wp\/v2\/types\/post"}],"author":[{"embeddable":true,"href":"https:\/\/portaltactica.com\/index.php?rest_route=\/wp\/v2\/users\/2"}],"replies":[{"embeddable":true,"href":"https:\/\/portaltactica.com\/index.php?rest_route=%2Fwp%2Fv2%2Fcomments&post=98117"}],"version-history":[{"count":1,"href":"https:\/\/portaltactica.com\/index.php?rest_route=\/wp\/v2\/posts\/98117\/revisions"}],"predecessor-version":[{"id":98119,"href":"https:\/\/portaltactica.com\/index.php?rest_route=\/wp\/v2\/posts\/98117\/revisions\/98119"}],"wp:featuredmedia":[{"embeddable":true,"href":"https:\/\/portaltactica.com\/index.php?rest_route=\/wp\/v2\/media\/98118"}],"wp:attachment":[{"href":"https:\/\/portaltactica.com\/index.php?rest_route=%2Fwp%2Fv2%2Fmedia&parent=98117"}],"wp:term":[{"taxonomy":"category","embeddable":true,"href":"https:\/\/portaltactica.com\/index.php?rest_route=%2Fwp%2Fv2%2Fcategories&post=98117"},{"taxonomy":"post_tag","embeddable":true,"href":"https:\/\/portaltactica.com\/index.php?rest_route=%2Fwp%2Fv2%2Ftags&post=98117"}],"curies":[{"name":"wp","href":"https:\/\/api.w.org\/{rel}","templated":true}]}}