{"id":98056,"date":"2025-09-16T10:39:11","date_gmt":"2025-09-16T17:39:11","guid":{"rendered":"https:\/\/portaltactica.com\/?p=98056"},"modified":"2025-09-16T10:39:16","modified_gmt":"2025-09-16T17:39:16","slug":"pese-a-sus-tropiezos-en-cruz-azul-y-porto-martin-anselmi-es-pedido-en-argentina","status":"publish","type":"post","link":"https:\/\/portaltactica.com\/?p=98056","title":{"rendered":"Pese a sus tropiezos en Cruz Azul y Porto, Mart\u00edn Anselmi es pedido en Argentina"},"content":{"rendered":"\n<p>A pesar de la manera en que sali\u00f3 de\u00a0<strong>Cruz Azul<\/strong>\u00a0y de que no le fue bien con\u00a0<strong>Porto<\/strong>,\u00a0<strong>Mart\u00edn Anselmi<\/strong>\u00a0tiene &#8220;cr\u00e9dito&#8221; todav\u00eda entre algunos aficionados en Argentina. Al menos as\u00ed lo dejaron claro algunos seguidores de\u00a0<strong>Independiente de Avellaneda<\/strong>, que pidieron por redes sociales la llegada del estratega.\u00a0<\/p>\n\n\n\n<p>El Rojo anunci\u00f3 esta semana que&nbsp;<strong>Julio Vaccari<\/strong>&nbsp;present\u00f3 su renuncia como director t\u00e9cnico. &#8220;El Club Atl\u00e9tico Independiente agradece su trabajo y el de todo su cuerpo t\u00e9cnico, quienes afrontaron el desaf\u00edo con compromiso y profesionalismo&#8221;, se lee en el comunicado que comparti\u00f3 el club por redes sociales.&nbsp;<\/p>\n\n\n\n<h2 class=\"wp-block-heading\">Afici\u00f3n de Independiente pide Anselmi&nbsp;<\/h2>\n\n\n\n<p>Tras el anuncio del club, varios seguidores por redes sociales externaron su deseo de ver al ext\u00e9cnico de la M\u00e1quina y de los Dragones. &#8220;Anselmi o nada\u201d y \u201cOtro t\u00e9cnico joven y moderno que viene de dirigir a Europa\u201d, fueron algunos de los comentarios que se vieron en redes sociales.&nbsp;<\/p>\n\n\n\n<p>Algunas p\u00e1ginas enfocadas en la cobertura a Independiente s\u00ed han se\u00f1alado a Anselmi como uno de los candidatos. Sin embargo, est\u00e1 entre las opciones con &#8220;menos fuerza&#8221;, y por ahora uno de los nombres que suena con m\u00e1s fuerza es el de&nbsp;<strong>Gustavo Quinteros,&nbsp;<\/strong>ex de&nbsp;<strong>V\u00e9lez&nbsp;<\/strong>y&nbsp;<strong>Gremio.&nbsp;<\/strong><\/p>\n\n\n\n<h2 class=\"wp-block-heading\">\u00bfCu\u00e1ndo definir\u00e1 Independiente su nuevo t\u00e9cnico?<\/h2>\n\n\n\n<p>Por ahora, el club rojo qued\u00f3 bajo la direcci\u00f3n t\u00e9cnica de&nbsp;<strong>Carlos Matheu<\/strong>&nbsp;y&nbsp;<strong>Eduardo Tuzzio<\/strong>&nbsp;durante esta semana de entrenamientos. Ser\u00e1n ellos dos quienes se encarguen de preparar el partido contra&nbsp;<strong>San Lorenzo,&nbsp;<\/strong>programado para el pr\u00f3ximo domingo 21 de septiembre a las 11:30 horas (tiempo del centro de M\u00e9xico) en el&nbsp;<strong>Estadio Libertadores de Am\u00e9rica<\/strong>.<\/p>\n<div class='share-to-whatsapp-wrapper'><div class='share-on-whsp'>Share on: <\/div><a data-text='Pese a sus tropiezos en Cruz Azul y Porto, Mart\u00edn Anselmi es pedido en Argentina' data-link='https:\/\/portaltactica.com\/?p=98056' class='whatsapp-button whatsapp-share'>WhatsApp<\/a><div class='clear '><\/div><\/div>","protected":false},"excerpt":{"rendered":"<p>A pesar de la manera en que sali\u00f3 de\u00a0Cruz Azul\u00a0y de que no le fue bien con\u00a0Porto,\u00a0Mart\u00edn Anselmi\u00a0tiene &#8220;cr\u00e9dito&#8221; todav\u00eda entre&hellip;<\/p>\n","protected":false},"author":2,"featured_media":98057,"comment_status":"closed","ping_status":"closed","sticky":false,"template":"","format":"standard","meta":{"advanced_seo_description":"","jetpack_seo_html_title":"","jetpack_seo_noindex":false,"_jetpack_memberships_contains_paid_content":false,"footnotes":"","jetpack_publicize_message":"","jetpack_publicize_feature_enabled":true,"jetpack_social_post_already_shared":true,"jetpack_social_options":{"image_generator_settings":{"template":"highway","default_image_id":0,"font":"","enabled":false},"version":2}},"categories":[1898],"tags":[],"class_list":["post-98056","post","type-post","status-publish","format-standard","has-post-thumbnail","hentry","category-destacado-internacional"],"jetpack_publicize_connections":[],"jetpack_featured_media_url":"https:\/\/portaltactica.com\/wp-content\/uploads\/2025\/09\/4-11.jpg","jetpack_sharing_enabled":true,"_links":{"self":[{"href":"https:\/\/portaltactica.com\/index.php?rest_route=\/wp\/v2\/posts\/98056","targetHints":{"allow":["GET"]}}],"collection":[{"href":"https:\/\/portaltactica.com\/index.php?rest_route=\/wp\/v2\/posts"}],"about":[{"href":"https:\/\/portaltactica.com\/index.php?rest_route=\/wp\/v2\/types\/post"}],"author":[{"embeddable":true,"href":"https:\/\/portaltactica.com\/index.php?rest_route=\/wp\/v2\/users\/2"}],"replies":[{"embeddable":true,"href":"https:\/\/portaltactica.com\/index.php?rest_route=%2Fwp%2Fv2%2Fcomments&post=98056"}],"version-history":[{"count":1,"href":"https:\/\/portaltactica.com\/index.php?rest_route=\/wp\/v2\/posts\/98056\/revisions"}],"predecessor-version":[{"id":98058,"href":"https:\/\/portaltactica.com\/index.php?rest_route=\/wp\/v2\/posts\/98056\/revisions\/98058"}],"wp:featuredmedia":[{"embeddable":true,"href":"https:\/\/portaltactica.com\/index.php?rest_route=\/wp\/v2\/media\/98057"}],"wp:attachment":[{"href":"https:\/\/portaltactica.com\/index.php?rest_route=%2Fwp%2Fv2%2Fmedia&parent=98056"}],"wp:term":[{"taxonomy":"category","embeddable":true,"href":"https:\/\/portaltactica.com\/index.php?rest_route=%2Fwp%2Fv2%2Fcategories&post=98056"},{"taxonomy":"post_tag","embeddable":true,"href":"https:\/\/portaltactica.com\/index.php?rest_route=%2Fwp%2Fv2%2Ftags&post=98056"}],"curies":[{"name":"wp","href":"https:\/\/api.w.org\/{rel}","templated":true}]}}