{"id":98053,"date":"2025-09-16T10:35:26","date_gmt":"2025-09-16T17:35:26","guid":{"rendered":"https:\/\/portaltactica.com\/?p=98053"},"modified":"2025-09-16T10:35:29","modified_gmt":"2025-09-16T17:35:29","slug":"america-confirma-nueva-lesion-de-rodilla-de-henry-martin-incertidumbre-sobre-su-regreso","status":"publish","type":"post","link":"https:\/\/portaltactica.com\/?p=98053","title":{"rendered":"Am\u00e9rica confirma nueva lesi\u00f3n de rodilla de Henry Mart\u00edn: incertidumbre sobre su regreso"},"content":{"rendered":"\n<p>\u00a1Mala noticia para Am\u00e9rica! Luego de<strong>&nbsp;perder el Cl\u00e1sico Nacional<\/strong>, las&nbsp;<strong>\u00c1guilas&nbsp;<\/strong>recibieron otro golpe, pues de cara al juego ante Rayados correspondiente a la Jornada 9 del&nbsp;<strong>Torneo Apertura 2025<\/strong>, el club confirm\u00f3 la&nbsp;<strong>baja de Henry Mart\u00edn<\/strong>, el cual&nbsp;<strong>se volvi\u00f3 a lesionar.<\/strong><\/p>\n\n\n\n<p>A trav\u00e9s de sus redes sociales, el conjunto de&nbsp;<strong>Coapa&nbsp;<\/strong>dio a conocer detalles de la<strong>&nbsp;nueva lesi\u00f3n que presenta su jugador<\/strong>, el cual tuvo minutos en el duelo ante&nbsp;<strong>Chivas<\/strong>.<\/p>\n\n\n\n<p><strong>\u00bfQu\u00e9 lesi\u00f3n sufre Henry Mart\u00edn?&nbsp;<\/strong><\/p>\n\n\n\n<p>&#8220;El Club Am\u00e9rica informa que nuestro jugador&nbsp;<strong>Henry Mart\u00edn, presenta un esguince de rodilla izquierda<\/strong>&#8220;, informaron las \u00c1guilas, aunque no detallaron sobre el tiempo que estar\u00e1 alejado de las canchas. &#8220;<strong>El tiempo de recuperaci\u00f3n ser\u00e1 de acuerdo a su evoluci\u00f3n&#8221;.<\/strong><\/p>\n\n\n\n<h2 class=\"wp-block-heading\">\u00bfCu\u00e1nto tiempo podr\u00eda perder Am\u00e9rica a Henry Mart\u00edn?<\/h2>\n\n\n\n<p>Si bien&nbsp;<strong>no se especific\u00f3 el gravedad de la lesi\u00f3n<\/strong>, el futbolista&nbsp;<strong>podr\u00eda perderse de 1 a 4 semanas&nbsp;<\/strong>en caso de tener un esguince de primer grado, en caso de que el esguince escale a un segundo grado podr\u00eda ser de<strong>&nbsp;4 a 8 semanas<\/strong>&nbsp;su periodo de recuperaci\u00f3n, lo que s\u00ed es un hecho es que&nbsp;<strong>\u2018La Bomba\u2019 est\u00e1 descartado para el duelo ante los Rayados de Monterrey.<\/strong><\/p>\n\n\n\n<p>Con esta lesi\u00f3n&nbsp;<strong>Henry Mart\u00edn sigue acumulando ausencias<\/strong>&nbsp;con Am\u00e9rica en lo que va del a\u00f1o 2025, pues solamente ha podido ver minutos en 10 encuentros de Liga Mx, sumando solamente&nbsp;<strong>513 minutos en todo el a\u00f1o.<\/strong><\/p>\n\n\n\n<p>El ariete mexicano previo al Cl\u00e1sico Nacional expres\u00f3 ante los medios de comunicaci\u00f3n<strong>&nbsp;el sufrimiento que tuvo durante las diversas lesiones<\/strong>&nbsp;que ha presentado.<\/p>\n\n\n\n<blockquote class=\"wp-block-quote is-layout-flow wp-block-quote-is-layout-flow\">\n<p>\u201c<strong>Es dur\u00edsimo, te pega en lo an\u00edmico<\/strong>, en lo emocional, te desespera. Yo no pod\u00eda entender qu\u00e9 me estaba pasando porque no era solo una lesi\u00f3n, me recuperaba de una, regresaba a un entramiento, me daban un pelotazo en la cabeza, me lastimaba la rodilla. \u00bfQu\u00e9 me pasa? No puedo entender. Empiezas a pensar cosas que normalmente no piensas, cosas sobrenaturales\u201d.<\/p>\n<\/blockquote>\n\n\n\n<p>Tras semanas de ausencia, previo al Cl\u00e1sico<strong>&nbsp;Henry ya se dec\u00eda estar al 100 por ciento recuperado<\/strong>, ante Chivas jug\u00f3 21 minutos y parec\u00eda que era el momento para comenzar a recuperar regularidad en la segunda parte del<strong>&nbsp;Apertura 2025;&nbsp;<\/strong>sin embargo, apareci\u00f3 esta lesi\u00f3n que lo alejar\u00e1 nuevamente de las canchas por tiempo indefinido.<\/p>\n\n\n\n<h2 class=\"wp-block-heading\">\u00bfQu\u00e9 otros lesionados tiene Am\u00e9rica?<\/h2>\n\n\n\n<p>Durante el Cl\u00e1sico, el que tuvo que abandonar el terreno de juego fue el espa\u00f1ol&nbsp;<strong>\u00c1lvaro Fidalgo&nbsp;<\/strong>que sufri\u00f3 un&nbsp;<strong>golpe en la rodilla<\/strong>&nbsp;y que lo mantiene trabajando por separado en las instalaciones de Coapa, durante la semana&nbsp;<strong>se mantendr\u00e1 en observaci\u00f3n<\/strong>&nbsp;para llevar seguimiento de su evoluci\u00f3n y determinar si podr\u00e1 formar parte de la delegaci\u00f3n que viaje a la Sultana del Norte para el duelo ante el l\u00edder general, Rayados.<\/p>\n\n\n\n<p>Quienes ya entrenaron con normalidad fueron el uruguayo&nbsp;<strong>Sebasti\u00e1n C\u00e1ceres y Alexis Guti\u00e9rrez<\/strong>, el charr\u00faa abandon\u00f3 la cancha ante Chivas al minuto 69 por una sobrecarga muscular, misma que ya super\u00f3, y el mediocampista mexicano ha vuelto a la pr\u00e1ctica con normalidad tras perderse el cl\u00e1sico por un golpe que lo oblig\u00f3 a ausentarse de este partido.<\/p>\n\n\n\n<p><\/p>\n\n\n\n<p style=\"font-size:10px\"><em>Fuente: Mediotiempo.<\/em><\/p>\n<div class='share-to-whatsapp-wrapper'><div class='share-on-whsp'>Share on: <\/div><a data-text='Am\u00e9rica confirma nueva lesi\u00f3n de rodilla de Henry Mart\u00edn: incertidumbre sobre su regreso' data-link='https:\/\/portaltactica.com\/?p=98053' class='whatsapp-button whatsapp-share'>WhatsApp<\/a><div class='clear '><\/div><\/div>","protected":false},"excerpt":{"rendered":"<p>\u00a1Mala noticia para Am\u00e9rica! Luego de&nbsp;perder el Cl\u00e1sico Nacional, las&nbsp;\u00c1guilas&nbsp;recibieron otro golpe, pues de cara al juego ante Rayados correspondiente a&hellip;<\/p>\n","protected":false},"author":2,"featured_media":98054,"comment_status":"closed","ping_status":"closed","sticky":false,"template":"","format":"standard","meta":{"advanced_seo_description":"","jetpack_seo_html_title":"","jetpack_seo_noindex":false,"_jetpack_memberships_contains_paid_content":false,"footnotes":"","jetpack_publicize_message":"","jetpack_publicize_feature_enabled":true,"jetpack_social_post_already_shared":true,"jetpack_social_options":{"image_generator_settings":{"template":"highway","default_image_id":0,"font":"","enabled":false},"version":2}},"categories":[1897],"tags":[],"class_list":["post-98053","post","type-post","status-publish","format-standard","has-post-thumbnail","hentry","category-destacado-nacional"],"jetpack_publicize_connections":[],"jetpack_featured_media_url":"https:\/\/portaltactica.com\/wp-content\/uploads\/2025\/09\/3-3.png","jetpack_sharing_enabled":true,"_links":{"self":[{"href":"https:\/\/portaltactica.com\/index.php?rest_route=\/wp\/v2\/posts\/98053","targetHints":{"allow":["GET"]}}],"collection":[{"href":"https:\/\/portaltactica.com\/index.php?rest_route=\/wp\/v2\/posts"}],"about":[{"href":"https:\/\/portaltactica.com\/index.php?rest_route=\/wp\/v2\/types\/post"}],"author":[{"embeddable":true,"href":"https:\/\/portaltactica.com\/index.php?rest_route=\/wp\/v2\/users\/2"}],"replies":[{"embeddable":true,"href":"https:\/\/portaltactica.com\/index.php?rest_route=%2Fwp%2Fv2%2Fcomments&post=98053"}],"version-history":[{"count":1,"href":"https:\/\/portaltactica.com\/index.php?rest_route=\/wp\/v2\/posts\/98053\/revisions"}],"predecessor-version":[{"id":98055,"href":"https:\/\/portaltactica.com\/index.php?rest_route=\/wp\/v2\/posts\/98053\/revisions\/98055"}],"wp:featuredmedia":[{"embeddable":true,"href":"https:\/\/portaltactica.com\/index.php?rest_route=\/wp\/v2\/media\/98054"}],"wp:attachment":[{"href":"https:\/\/portaltactica.com\/index.php?rest_route=%2Fwp%2Fv2%2Fmedia&parent=98053"}],"wp:term":[{"taxonomy":"category","embeddable":true,"href":"https:\/\/portaltactica.com\/index.php?rest_route=%2Fwp%2Fv2%2Fcategories&post=98053"},{"taxonomy":"post_tag","embeddable":true,"href":"https:\/\/portaltactica.com\/index.php?rest_route=%2Fwp%2Fv2%2Ftags&post=98053"}],"curies":[{"name":"wp","href":"https:\/\/api.w.org\/{rel}","templated":true}]}}