{"id":98050,"date":"2025-09-16T08:10:40","date_gmt":"2025-09-16T15:10:40","guid":{"rendered":"https:\/\/portaltactica.com\/?p=98050"},"modified":"2025-09-16T08:11:12","modified_gmt":"2025-09-16T15:11:12","slug":"anthony-martial-aterriza-en-monterrey-y-podria-debutar-frente-al-america","status":"publish","type":"post","link":"https:\/\/portaltactica.com\/?p=98050","title":{"rendered":"Anthony Martial aterriza en Monterrey y podr\u00eda debutar frente al Am\u00e9rica"},"content":{"rendered":"\n<p>El delantero franc\u00e9s\u00a0<strong>Anthony Martial<\/strong>\u00a0ya est\u00e1 en Monterrey para sumarse como\u00a0<strong>refuerzo de Rayados en el Apertura 2025.<\/strong>\u00a0El atacante de 29 a\u00f1os arrib\u00f3 este martes a la ciudad y, pese a que<strong>\u00a0tendr\u00e1 menos de una semana de entrenamientos,<\/strong>\u00a0asegur\u00f3 estar dispuesto a\u00a0<strong>debutar el pr\u00f3ximo s\u00e1bado en el Gigante de Acero frente al Am\u00e9rica.<\/strong><\/p>\n\n\n\n<p><strong>\u201cEstoy listo (para jugar),<\/strong>&nbsp;s\u00f3lo es cuesti\u00f3n de que me adapte al jetlag pero&nbsp;<strong>me siento bien\u201d,&nbsp;<\/strong>se\u00f1al\u00f3 Martial en su primer encuentro con los medios en el Aeropuerto de Monterrey.<\/p>\n\n\n\n<p>El fichaje del galo representa uno de los\u00a0<strong>movimientos m\u00e1s llamativos de la Liga MX<\/strong>\u00a0en este semestre. Procedente del\u00a0<strong>AEK de Atenas<\/strong>, Martial vivir\u00e1 su primera experiencia en el f\u00fatbol mexicano despu\u00e9s de una carrera que lo llev\u00f3 por clubes de gran tradici\u00f3n en Europa, como el\u00a0<strong>Manchester United, el Sevilla<\/strong>\u00a0y el propio conjunto griego, donde jug\u00f3 la \u00faltima temporada.<\/p>\n\n\n\n<p>Antes de llegar a M\u00e9xico,&nbsp;<strong>Martial convers\u00f3 con Andr\u00e9-Pierre Gignac,<\/strong>&nbsp;delantero hist\u00f3rico de Tigres, con quien comparti\u00f3 vestidor en la Selecci\u00f3n de Francia. El atacante revel\u00f3 que el contacto fue clave para conocer m\u00e1s sobre el pa\u00eds y el campeonato.<\/p>\n\n\n\n<p>\u201cEs uno de mis amigos (Gignac). Jugu\u00e9 con \u00e9l en selecci\u00f3n nacional y como le dije,&nbsp;<strong>somos amigos fuera pero enemigos en la cancha\u201d,<\/strong>&nbsp;coment\u00f3 al ser cuestionado sobre la rivalidad que vivir\u00e1 con el \u00eddolo felino en el Cl\u00e1sico Regio.<\/p>\n\n\n\n<p>En Rayados, el delantero se reencontrar\u00e1 con algunos viejos conocidos de su etapa en el Sevilla, como\u00a0<strong>Jes\u00fas \u2018Tecatito\u2019 Corona, Lucas Ocampos y \u00d3liver Torres.\u00a0<\/strong>Esa conexi\u00f3n, destac\u00f3, podr\u00eda facilitar su proceso de adaptaci\u00f3n dentro del plantel dirigido por<strong>\u00a0Dom\u00e8nec Torrent.<\/strong><\/p>\n\n\n\n<p><strong>\u201cMuy emocionado de jugar en M\u00e9xico con buenos jugadores.<\/strong>&nbsp;Conozco algunos de ellos\u201d, expres\u00f3 brevemente.<\/p>\n\n\n\n<p>Martial se suma a una lista de&nbsp;<strong>refuerzos internacionales de peso que Monterrey ha llevado a sus filas<\/strong>&nbsp;en los \u00faltimos a\u00f1os, entre ellos Sergio Ramos y otros futbolistas de trayectoria europea, con el objetivo de reforzar su protagonismo en la Liga MX y en competencias internacionales.<\/p>\n\n\n\n<p>Su&nbsp;<strong>presentaci\u00f3n oficial como jugador de Rayados<\/strong>&nbsp;est\u00e1 programada para este&nbsp;<strong>jueves por la tarde en el Gigante de Acero,<\/strong>&nbsp;donde la afici\u00f3n podr\u00e1 darle la bienvenida. Posteriormente, ser\u00e1 decisi\u00f3n del cuerpo t\u00e9cnico definir si&nbsp;<strong>tendr\u00e1 minutos en el duelo ante Am\u00e9rica, uno de los partidos m\u00e1s esperados de la jornada.<\/strong><\/p>\n<div class='share-to-whatsapp-wrapper'><div class='share-on-whsp'>Share on: <\/div><a data-text='Anthony Martial aterriza en Monterrey y podr\u00eda debutar frente al Am\u00e9rica' data-link='https:\/\/portaltactica.com\/?p=98050' class='whatsapp-button whatsapp-share'>WhatsApp<\/a><div class='clear '><\/div><\/div>","protected":false},"excerpt":{"rendered":"<p>El delantero franc\u00e9s\u00a0Anthony Martial\u00a0ya est\u00e1 en Monterrey para sumarse como\u00a0refuerzo de Rayados en el Apertura 2025.\u00a0El atacante de 29 a\u00f1os arrib\u00f3&hellip;<\/p>\n","protected":false},"author":2,"featured_media":98051,"comment_status":"closed","ping_status":"closed","sticky":false,"template":"","format":"standard","meta":{"advanced_seo_description":"","jetpack_seo_html_title":"","jetpack_seo_noindex":false,"_jetpack_memberships_contains_paid_content":false,"footnotes":"","jetpack_publicize_message":"","jetpack_publicize_feature_enabled":true,"jetpack_social_post_already_shared":true,"jetpack_social_options":{"image_generator_settings":{"template":"highway","default_image_id":0,"font":"","enabled":false},"version":2}},"categories":[1897,1896],"tags":[],"class_list":["post-98050","post","type-post","status-publish","format-standard","has-post-thumbnail","hentry","category-destacado-nacional","category-destacado-portada"],"jetpack_publicize_connections":[],"jetpack_featured_media_url":"https:\/\/portaltactica.com\/wp-content\/uploads\/2025\/09\/2-10-scaled.jpg","jetpack_sharing_enabled":true,"_links":{"self":[{"href":"https:\/\/portaltactica.com\/index.php?rest_route=\/wp\/v2\/posts\/98050","targetHints":{"allow":["GET"]}}],"collection":[{"href":"https:\/\/portaltactica.com\/index.php?rest_route=\/wp\/v2\/posts"}],"about":[{"href":"https:\/\/portaltactica.com\/index.php?rest_route=\/wp\/v2\/types\/post"}],"author":[{"embeddable":true,"href":"https:\/\/portaltactica.com\/index.php?rest_route=\/wp\/v2\/users\/2"}],"replies":[{"embeddable":true,"href":"https:\/\/portaltactica.com\/index.php?rest_route=%2Fwp%2Fv2%2Fcomments&post=98050"}],"version-history":[{"count":1,"href":"https:\/\/portaltactica.com\/index.php?rest_route=\/wp\/v2\/posts\/98050\/revisions"}],"predecessor-version":[{"id":98052,"href":"https:\/\/portaltactica.com\/index.php?rest_route=\/wp\/v2\/posts\/98050\/revisions\/98052"}],"wp:featuredmedia":[{"embeddable":true,"href":"https:\/\/portaltactica.com\/index.php?rest_route=\/wp\/v2\/media\/98051"}],"wp:attachment":[{"href":"https:\/\/portaltactica.com\/index.php?rest_route=%2Fwp%2Fv2%2Fmedia&parent=98050"}],"wp:term":[{"taxonomy":"category","embeddable":true,"href":"https:\/\/portaltactica.com\/index.php?rest_route=%2Fwp%2Fv2%2Fcategories&post=98050"},{"taxonomy":"post_tag","embeddable":true,"href":"https:\/\/portaltactica.com\/index.php?rest_route=%2Fwp%2Fv2%2Ftags&post=98050"}],"curies":[{"name":"wp","href":"https:\/\/api.w.org\/{rel}","templated":true}]}}