{"id":98032,"date":"2025-09-15T11:25:36","date_gmt":"2025-09-15T18:25:36","guid":{"rendered":"https:\/\/portaltactica.com\/?p=98032"},"modified":"2025-09-15T11:25:39","modified_gmt":"2025-09-15T18:25:39","slug":"ansiono-no-lo-veo-xabi-alonso-habla-sobre-mbappe-previo-a-la-champions-league","status":"publish","type":"post","link":"https:\/\/portaltactica.com\/?p=98032","title":{"rendered":"&#8220;Ansiono no lo veo&#8221;: Xabi Alonso habla sobre Mbapp\u00e9 previo a la Champions League"},"content":{"rendered":"\n<p>Xabi Alonso, t\u00e9cnico del\u00a0<strong>Real Madrid<\/strong>, descart\u00f3 que Kylian Mbapp\u00e9 est\u00e9 ansioso por ganar la primera Champions League de su carrera. Contrario a eso, el estratega merengue se\u00f1al\u00f3 que es un objetivo compartido.<\/p>\n\n\n\n<p>\u201cAnsioso no lo veo.&nbsp;<strong>Estamos todos con sensaciones de que es un proyecto que est\u00e1 empezando<\/strong>&nbsp;y, estando en el Real Madrid, en su camino es siempre un objetivo ganar la Champions. Ojal\u00e1 que m\u00e1s pronto que tarde y recorramos el camino para estar ah\u00ed.&nbsp;<strong>No veo a Mbapp\u00e9 ansioso<\/strong>. Hemos hablado hoy de lo que supone la Champions, pero no de mayo\u201d, asegur\u00f3 en rueda de prensa.<\/p>\n\n\n\n<p>Mbapp\u00e9,&nbsp;<strong>goleador con cuatro tantos en los cuatro encuentros disputados<\/strong>&nbsp;por el Real Madrid este curso, y asistente a Arda G\u00fcler en el triunfo madridista en Anoeta, protagoniza su mejor momento en el Real Madrid.<\/p>\n\n\n\n<p>\u201cSin duda veo liderazgo de Kylian por personalidad, por experiencia, por la influencia en el resto.&nbsp;<strong>Cuando ese grupo es fuerte y se consolida el resto<\/strong>, ya saben hacia d\u00f3nde tienen que mirar y a quien seguir\u201d, opin\u00f3.<\/p>\n\n\n\n<p>\u201cEra optimista despu\u00e9s del Mundial, que&nbsp;<strong>fue algo light con Kylian por la gastroenteritis aguda que tuvo<\/strong>. Hay que conectar, conocerse y, al final, ves el jugador que es, la inquietud que tiene por el juego. Le gusta entender las cosas y florece la calidad individual.&nbsp;<strong>Necesitamos que conecte con el grupo<\/strong>&nbsp;y luego \u00e9l hace lo suyo diferente. En eso no tengo ning\u00fan m\u00e9rito\u201d, reflexion\u00f3.<\/p>\n\n\n\n<h2 class=\"wp-block-heading\">Xabi Alonso comienza su camino en la Champions League con el Real Madrid<\/h2>\n\n\n\n<p>Xabi Alonso se estrena como t\u00e9cnico del Real Madrid en la Liga de Campeones con ilusi\u00f3n m\u00e1xima,&nbsp;<strong>el recuerdo de la que gan\u00f3 como jugador<\/strong>&nbsp;y los intentos hasta lograrla.<\/p>\n\n\n\n<p>\u201cSi&nbsp;<strong>la Champions es especial en todos los lados<\/strong>, para el Real Madrid lo es m\u00e1s, y en el Bernab\u00e9u, con toda la historia que tiene, es m\u00e1s motivante. Empezamos competici\u00f3n europea con ganas de dar pasos, de seguir creciendo y comenzamos ante un rival exigente\u201d, dijo.<\/p>\n\n\n\n<p><strong>\u201cNos cost\u00f3 mucho ganar esa Champions\u201d<\/strong>, record\u00f3 de su etapa de jugador en el Real Madrid. \u201cSin haberla ganado, no me hubiese ido tranquilo. Antes de ganar la d\u00e9cima fueron tres semis y aprendimos que para ganar hay que perder, y a veces bastante. Luego con Zizou fue incre\u00edble ganar tres seguidas. Es \u00fanico en la historia de la Champions\u201d, agreg\u00f3.<\/p>\n\n\n\n<h2 class=\"wp-block-heading\">\u00bfCu\u00e1ndo y a qu\u00e9 hora ver el debut del Real Madrid en la Champions League?<\/h2>\n\n\n\n<p>El partido Real Madrid vs Olympique Lyon&nbsp;<strong>ser\u00e1 este 16 de septiembre a las 13:00 horas<\/strong>, tiempo del centro de M\u00e9xico.<\/p>\n<div class='share-to-whatsapp-wrapper'><div class='share-on-whsp'>Share on: <\/div><a data-text='\"Ansiono no lo veo\": Xabi Alonso habla sobre Mbapp\u00e9 previo a la Champions League' data-link='https:\/\/portaltactica.com\/?p=98032' class='whatsapp-button whatsapp-share'>WhatsApp<\/a><div class='clear '><\/div><\/div>","protected":false},"excerpt":{"rendered":"<p>Xabi Alonso, t\u00e9cnico del\u00a0Real Madrid, descart\u00f3 que Kylian Mbapp\u00e9 est\u00e9 ansioso por ganar la primera Champions League de su carrera. Contrario&hellip;<\/p>\n","protected":false},"author":2,"featured_media":98034,"comment_status":"closed","ping_status":"closed","sticky":false,"template":"","format":"standard","meta":{"advanced_seo_description":"","jetpack_seo_html_title":"","jetpack_seo_noindex":false,"_jetpack_memberships_contains_paid_content":false,"footnotes":"","jetpack_publicize_message":"","jetpack_publicize_feature_enabled":true,"jetpack_social_post_already_shared":true,"jetpack_social_options":{"image_generator_settings":{"template":"highway","default_image_id":0,"font":"","enabled":false},"version":2}},"categories":[1898],"tags":[],"class_list":["post-98032","post","type-post","status-publish","format-standard","has-post-thumbnail","hentry","category-destacado-internacional"],"jetpack_publicize_connections":[],"jetpack_featured_media_url":"https:\/\/portaltactica.com\/wp-content\/uploads\/2025\/09\/6-10.jpg","jetpack_sharing_enabled":true,"_links":{"self":[{"href":"https:\/\/portaltactica.com\/index.php?rest_route=\/wp\/v2\/posts\/98032","targetHints":{"allow":["GET"]}}],"collection":[{"href":"https:\/\/portaltactica.com\/index.php?rest_route=\/wp\/v2\/posts"}],"about":[{"href":"https:\/\/portaltactica.com\/index.php?rest_route=\/wp\/v2\/types\/post"}],"author":[{"embeddable":true,"href":"https:\/\/portaltactica.com\/index.php?rest_route=\/wp\/v2\/users\/2"}],"replies":[{"embeddable":true,"href":"https:\/\/portaltactica.com\/index.php?rest_route=%2Fwp%2Fv2%2Fcomments&post=98032"}],"version-history":[{"count":1,"href":"https:\/\/portaltactica.com\/index.php?rest_route=\/wp\/v2\/posts\/98032\/revisions"}],"predecessor-version":[{"id":98035,"href":"https:\/\/portaltactica.com\/index.php?rest_route=\/wp\/v2\/posts\/98032\/revisions\/98035"}],"wp:featuredmedia":[{"embeddable":true,"href":"https:\/\/portaltactica.com\/index.php?rest_route=\/wp\/v2\/media\/98034"}],"wp:attachment":[{"href":"https:\/\/portaltactica.com\/index.php?rest_route=%2Fwp%2Fv2%2Fmedia&parent=98032"}],"wp:term":[{"taxonomy":"category","embeddable":true,"href":"https:\/\/portaltactica.com\/index.php?rest_route=%2Fwp%2Fv2%2Fcategories&post=98032"},{"taxonomy":"post_tag","embeddable":true,"href":"https:\/\/portaltactica.com\/index.php?rest_route=%2Fwp%2Fv2%2Ftags&post=98032"}],"curies":[{"name":"wp","href":"https:\/\/api.w.org\/{rel}","templated":true}]}}