{"id":98007,"date":"2025-09-13T16:17:13","date_gmt":"2025-09-13T23:17:13","guid":{"rendered":"https:\/\/portaltactica.com\/?p=98007"},"modified":"2025-09-13T16:17:53","modified_gmt":"2025-09-13T23:17:53","slug":"contara-copa-perla-del-pacifico-de-karate-do-con-seleccionados-nacionales-para-su-segunda-edicion","status":"publish","type":"post","link":"https:\/\/portaltactica.com\/?p=98007","title":{"rendered":"Contar\u00e1 Copa Perla del Pac\u00edfico de Karate Do con seleccionados nacionales para su segunda edici\u00f3n"},"content":{"rendered":"\n<p>M\u00e1s de 100 participantes se esperan en la competencia organizada con la intenci\u00f3n de promoveer la disciplina y mejorar el nivel t\u00e9cnico de los artemarcialistas mazatlecos.<br><br><br>Mazatl\u00e1n, Sinaloa a 13 de septiembre de 2025.- La Escuela Federal 2 Leyes de Reforma ser\u00e1 sede de la II Copa Perla del Pac\u00edfico de Karate, que tendr\u00e1 verificativo el 28 de septiembre, con el apoyo del Gobierno Municipal de Mazatl\u00e1n que encabeza la Presidenta, Estrella Palacios Dom\u00ednguez, y el Instituto Municipal del Deporte Mazatlan, que dirige Fabiola Judith Verde Rosas.<br><br>El sensei, Miguel Silva Rueda, director de la Academia Grupo Alerta, fue el encargado de dar todos los detalles de la competencia, acompa\u00f1ado de la coordinadora del evento, Mar\u00eda Susana Mart\u00ednez Soto; la directora de la Federal 2, Gina Larissa Hubbard Valdez; el presidente del Comit\u00e9 Municipal de Karate, Gerardo Alexis Garc\u00eda L\u00f3pez, as\u00ed como el coordinador de Deporte Federado del Imdem, Jos\u00e9 \u00c1ngel Vega Salcido.<br><br>&#8220;Agradecerte Miguel por este proyecto, que cada vez va consolid\u00e1ndose m\u00e1s y tambi\u00e9n decirle, maestra, Gina, que es un gusto como plantel educativo acoja al deporte, no nada m\u00e1s para los alumnos de su instituci\u00f3n, sino que abre sus puertas a todos los mazatlecos. Para nosotros como Imdem es un gusto apoyar a este tipo de actividades y nos sumamos&#8221;, expres\u00f3 Vega Salcido.<br><br>Las categor\u00edas de competencia partir\u00e1n desde los cinco a\u00f1os, hasta la categor\u00eda de adultos, desde un nivel de principiante hasta avanzados. Con el objetivo de incentivar la pr\u00e1ctica de la disciplina, el evento tendr\u00e1 juegos, din\u00e1micas y hasta una rifa especial.<br><br>El evento que contar\u00e1 con exponentes de la talla de los medallistas nacionales, Karol Natalie Silva Mart\u00ednez, Jaqueline Guadalupe Garc\u00eda Valles, Joseline del Carmen Garc\u00eda Valles, Andrea Regina Rosas, Marco Alexander Ord\u00f3\u00f1ez y Sof\u00eda Yaeli Serrano, comenzar\u00e1 a las 8:00 horas del domingo 28 de septiembre. Para los que deseen inscribirse pueden comunicarse con el sensei Silva Rueda al tel\u00e9fono 6691 08 12 45, as\u00ed como al tel\u00e9fono de la coordinadora de la Copa, Susana Mart\u00ednez, al 6691 24 14 87.<\/p>\n<div class='share-to-whatsapp-wrapper'><div class='share-on-whsp'>Share on: <\/div><a data-text='Contar\u00e1 Copa Perla del Pac\u00edfico de Karate Do con seleccionados nacionales para su segunda edici\u00f3n' data-link='https:\/\/portaltactica.com\/?p=98007' class='whatsapp-button whatsapp-share'>WhatsApp<\/a><div class='clear '><\/div><\/div>","protected":false},"excerpt":{"rendered":"<p>M\u00e1s de 100 participantes se esperan en la competencia organizada con la intenci\u00f3n de promoveer la disciplina y mejorar el nivel&hellip;<\/p>\n","protected":false},"author":1,"featured_media":98006,"comment_status":"closed","ping_status":"","sticky":false,"template":"","format":"standard","meta":{"advanced_seo_description":"","jetpack_seo_html_title":"","jetpack_seo_noindex":false,"_jetpack_memberships_contains_paid_content":false,"footnotes":"","jetpack_publicize_message":"","jetpack_publicize_feature_enabled":true,"jetpack_social_post_already_shared":true,"jetpack_social_options":{"image_generator_settings":{"template":"highway","default_image_id":0,"font":"","enabled":false},"version":2}},"categories":[1899],"tags":[37],"class_list":["post-98007","post","type-post","status-publish","format-standard","has-post-thumbnail","hentry","category-destacado-mazatlan","tag-imdem"],"jetpack_publicize_connections":[],"jetpack_featured_media_url":"https:\/\/portaltactica.com\/wp-content\/uploads\/2025\/09\/IMG-20250913-WA0034.jpg","jetpack_sharing_enabled":true,"_links":{"self":[{"href":"https:\/\/portaltactica.com\/index.php?rest_route=\/wp\/v2\/posts\/98007","targetHints":{"allow":["GET"]}}],"collection":[{"href":"https:\/\/portaltactica.com\/index.php?rest_route=\/wp\/v2\/posts"}],"about":[{"href":"https:\/\/portaltactica.com\/index.php?rest_route=\/wp\/v2\/types\/post"}],"author":[{"embeddable":true,"href":"https:\/\/portaltactica.com\/index.php?rest_route=\/wp\/v2\/users\/1"}],"replies":[{"embeddable":true,"href":"https:\/\/portaltactica.com\/index.php?rest_route=%2Fwp%2Fv2%2Fcomments&post=98007"}],"version-history":[{"count":1,"href":"https:\/\/portaltactica.com\/index.php?rest_route=\/wp\/v2\/posts\/98007\/revisions"}],"predecessor-version":[{"id":98008,"href":"https:\/\/portaltactica.com\/index.php?rest_route=\/wp\/v2\/posts\/98007\/revisions\/98008"}],"wp:featuredmedia":[{"embeddable":true,"href":"https:\/\/portaltactica.com\/index.php?rest_route=\/wp\/v2\/media\/98006"}],"wp:attachment":[{"href":"https:\/\/portaltactica.com\/index.php?rest_route=%2Fwp%2Fv2%2Fmedia&parent=98007"}],"wp:term":[{"taxonomy":"category","embeddable":true,"href":"https:\/\/portaltactica.com\/index.php?rest_route=%2Fwp%2Fv2%2Fcategories&post=98007"},{"taxonomy":"post_tag","embeddable":true,"href":"https:\/\/portaltactica.com\/index.php?rest_route=%2Fwp%2Fv2%2Ftags&post=98007"}],"curies":[{"name":"wp","href":"https:\/\/api.w.org\/{rel}","templated":true}]}}