{"id":97987,"date":"2025-09-13T08:31:56","date_gmt":"2025-09-13T15:31:56","guid":{"rendered":"https:\/\/portaltactica.com\/?p=97987"},"modified":"2025-09-13T08:31:59","modified_gmt":"2025-09-13T15:31:59","slug":"barcelona-enfrentara-al-valencia-sin-lamine-yamal-se-perdera-la-champions-league-tambien","status":"publish","type":"post","link":"https:\/\/portaltactica.com\/?p=97987","title":{"rendered":"Barcelona enfrentar\u00e1 al Valencia sin Lamine Yamal: \u00bfse perder\u00e1 la Champions League tambi\u00e9n?"},"content":{"rendered":"\n<p>Por medio de un comunicado de prensa y las palabras de\u00a0<strong>Hansi Flick<\/strong>,\u00a0<strong>Barcelona<\/strong>\u00a0anunci\u00f3 la baja de\u00a0<strong>Lamine Yamal<\/strong>\u00a0para el partido ante\u00a0<strong>Valencia<\/strong>. El futbolista espa\u00f1ol present\u00f3 molestias en la zona p\u00fabica, por lo que no puede entrenar ni jugar; su regreso a\u00a0<strong>LaLiga<\/strong>\u00a0depender\u00e1 de su evoluci\u00f3n.<\/p>\n\n\n\n<p>En conferencia de prensa previo al juego ante los Murci\u00e9lagos,&nbsp;<strong>Hansi Flick<\/strong>&nbsp;coment\u00f3 su molestia por la lesi\u00f3n del joven atacante cul\u00e9. Para el entrenador alem\u00e1n, los minutos que jug\u00f3 Lamine con Espa\u00f1a en la&nbsp;<strong>Fecha FIFA<\/strong>&nbsp;fueron cruciales e innecesarios para agravar sus malestares.<\/p>\n\n\n\n<p>&#8220;Lamine Yamal no estar\u00e1 disponible. Se fue con la selecci\u00f3n con dolor y no entren\u00f3. Le dieron analg\u00e9sicos para jugar. Ten\u00edan como m\u00ednimo tres goles de ventaja en cada partido y jug\u00f3 73 minutos y 79, y entre los partidos no pudo entrenar.&nbsp;<strong>Eso no es cuidar al jugador. Estoy muy triste con esto<\/strong>&#8220;, coment\u00f3 el alem\u00e1n.<\/p>\n\n\n\n<h2 class=\"wp-block-heading\">\u00bfSe pierde la Champions League?<\/h2>\n\n\n\n<p>De igual forma, el debut en&nbsp;<strong>Champions League<\/strong>&nbsp;del conjunto blaugrana ser\u00e1 el pr\u00f3ximo jueves 18 de septiembre, ante&nbsp;<strong>Newcastle United.<\/strong>&nbsp;La lesi\u00f3n de Lamine podr\u00eda impedirle jugar el primer partido -y uno de los m\u00e1s complicados- del Barcelona en la Copa de Campeones.<\/p>\n\n\n\n<p>En los tres partidos de LaLiga que disput\u00f3 Lamine Yamal, el joven jugador tiene grandes n\u00fameros.&nbsp;<strong>Lamine anot\u00f3 en dos ocasiones y reparti\u00f3 tres asistencias<\/strong>; adem\u00e1s de contar con todos los minutos en dichos cotejos.<\/p>\n<div class='share-to-whatsapp-wrapper'><div class='share-on-whsp'>Share on: <\/div><a data-text='Barcelona enfrentar\u00e1 al Valencia sin Lamine Yamal: \u00bfse perder\u00e1 la Champions League tambi\u00e9n?' data-link='https:\/\/portaltactica.com\/?p=97987' class='whatsapp-button whatsapp-share'>WhatsApp<\/a><div class='clear '><\/div><\/div>","protected":false},"excerpt":{"rendered":"<p>Por medio de un comunicado de prensa y las palabras de\u00a0Hansi Flick,\u00a0Barcelona\u00a0anunci\u00f3 la baja de\u00a0Lamine Yamal\u00a0para el partido ante\u00a0Valencia. El futbolista&hellip;<\/p>\n","protected":false},"author":2,"featured_media":97988,"comment_status":"closed","ping_status":"closed","sticky":false,"template":"","format":"standard","meta":{"advanced_seo_description":"","jetpack_seo_html_title":"","jetpack_seo_noindex":false,"_jetpack_memberships_contains_paid_content":false,"footnotes":"","jetpack_publicize_message":"","jetpack_publicize_feature_enabled":true,"jetpack_social_post_already_shared":true,"jetpack_social_options":{"image_generator_settings":{"template":"highway","default_image_id":0,"font":"","enabled":false},"version":2}},"categories":[6],"tags":[],"class_list":["post-97987","post","type-post","status-publish","format-standard","has-post-thumbnail","hentry","category-internacional"],"jetpack_publicize_connections":[],"jetpack_featured_media_url":"https:\/\/portaltactica.com\/wp-content\/uploads\/2025\/09\/2-9.jpg","jetpack_sharing_enabled":true,"_links":{"self":[{"href":"https:\/\/portaltactica.com\/index.php?rest_route=\/wp\/v2\/posts\/97987","targetHints":{"allow":["GET"]}}],"collection":[{"href":"https:\/\/portaltactica.com\/index.php?rest_route=\/wp\/v2\/posts"}],"about":[{"href":"https:\/\/portaltactica.com\/index.php?rest_route=\/wp\/v2\/types\/post"}],"author":[{"embeddable":true,"href":"https:\/\/portaltactica.com\/index.php?rest_route=\/wp\/v2\/users\/2"}],"replies":[{"embeddable":true,"href":"https:\/\/portaltactica.com\/index.php?rest_route=%2Fwp%2Fv2%2Fcomments&post=97987"}],"version-history":[{"count":1,"href":"https:\/\/portaltactica.com\/index.php?rest_route=\/wp\/v2\/posts\/97987\/revisions"}],"predecessor-version":[{"id":97989,"href":"https:\/\/portaltactica.com\/index.php?rest_route=\/wp\/v2\/posts\/97987\/revisions\/97989"}],"wp:featuredmedia":[{"embeddable":true,"href":"https:\/\/portaltactica.com\/index.php?rest_route=\/wp\/v2\/media\/97988"}],"wp:attachment":[{"href":"https:\/\/portaltactica.com\/index.php?rest_route=%2Fwp%2Fv2%2Fmedia&parent=97987"}],"wp:term":[{"taxonomy":"category","embeddable":true,"href":"https:\/\/portaltactica.com\/index.php?rest_route=%2Fwp%2Fv2%2Fcategories&post=97987"},{"taxonomy":"post_tag","embeddable":true,"href":"https:\/\/portaltactica.com\/index.php?rest_route=%2Fwp%2Fv2%2Ftags&post=97987"}],"curies":[{"name":"wp","href":"https:\/\/api.w.org\/{rel}","templated":true}]}}