{"id":97974,"date":"2025-09-12T16:20:40","date_gmt":"2025-09-12T23:20:40","guid":{"rendered":"https:\/\/portaltactica.com\/?p=97974"},"modified":"2025-09-12T16:20:42","modified_gmt":"2025-09-12T23:20:42","slug":"lesion-de-antonio-rudiger-deja-al-real-madrid-sin-su-defensor-por-tres-meses","status":"publish","type":"post","link":"https:\/\/portaltactica.com\/?p=97974","title":{"rendered":"Lesi\u00f3n de Antonio R\u00fcdiger deja al Real Madrid sin su defensor por tres meses"},"content":{"rendered":"\n<p>Malas noticias en\u00a0<strong>Valdebebas<\/strong>. Por medio de un comunicado de prensa,\u00a0<strong>Real Madrid<\/strong>\u00a0anunci\u00f3 la baja de\u00a0<strong>Antonio R\u00fcdiger\u00a0<\/strong>y aunque se desconoce la gravedad de la lesi\u00f3n que sufri\u00f3 en el \u00faltimo entrenamiento, varias fuentes de informaci\u00f3n manejan que ser\u00e1 de dos a tres meses.<\/p>\n\n\n\n<p>&#8220;Tras las pruebas realizadas hoy a nuestro jugador Toni R\u00fcdiger por los Servicios M\u00e9dicos del Real Madrid se le ha diagnosticado una lesi\u00f3n en el recto anterior de su pierna izquierda.&nbsp;<strong>Pendiente de evoluci\u00f3n<\/strong>&#8220;, coment\u00f3 el cuadro merengue en sus redes sociales.<\/p>\n\n\n\n<h2 class=\"wp-block-heading\">\u00bfCu\u00e1ntos partidos se perder\u00e1 Antonio R\u00fcdiger?<\/h2>\n\n\n\n<p>El zaguero alem\u00e1n ser\u00e1 baja por dos meses, aunque podr\u00eda aumentar a tres. Es por eso que,&nbsp;<strong>Antonio R\u00fcdiger<\/strong>&nbsp;se perder\u00e1 una gran parte de partidos importantes en el cierre de este a\u00f1o.<\/p>\n\n\n\n<p>En uno de los partidos en los que &#8216;El Loco&#8217; no estar\u00e1 presente ser\u00e1 en el pr\u00f3ximo Derbi Madrile\u00f1o. El conjunto del Real Madrid visitar\u00e1 al&nbsp;<strong>Atl\u00e9tico de Madrid&nbsp;<\/strong>el 27 de septiembre, en un duelo correspondiente a&nbsp;<strong>LaLiga<\/strong>.<\/p>\n\n\n\n<p>De igual forma, el alem\u00e1n tampoco estar\u00e1 en los primeros compromisos de&nbsp;<strong>Champions League<\/strong>&nbsp;y en un hipot\u00e9tico Cl\u00e1sico ante&nbsp;<strong>Barcelona<\/strong>. R\u00fcdiger podr\u00eda regresar a las canchas el 10 de diciembre, en el partido de Copa de Campeones ante&nbsp;<strong>Manchester City.<\/strong><\/p>\n\n\n\n<h2 class=\"wp-block-heading\">Lesionados en Valdebebas<\/h2>\n\n\n\n<p>La lesi\u00f3n de Antonio R\u00fcdiger se sum\u00f3 a las otras bajas importantes del Real Madrid en esta Temporada 2025.&nbsp;<strong>Jude Bellingham, Eduardo Camavinga, Ferland Mendy y Endrick<\/strong>&nbsp;son parte de la lista de lesionados del conjunto blanco.<\/p>\n\n\n\n<p>Pese a las malas noticias,&nbsp;<strong>Jude Bellingham y Eduardo Camavinga<\/strong>&nbsp;ya entrenan con normalidad con el primer equipo, sin embargo, Xabi Alonso a\u00fan no piensa en utilizarlos. Para el estratega espa\u00f1ol lo m\u00e1s importante es que sus pupilos est\u00e9n al 100 por ciento.<\/p>\n<div class='share-to-whatsapp-wrapper'><div class='share-on-whsp'>Share on: <\/div><a data-text='Lesi\u00f3n de Antonio R\u00fcdiger deja al Real Madrid sin su defensor por tres meses' data-link='https:\/\/portaltactica.com\/?p=97974' class='whatsapp-button whatsapp-share'>WhatsApp<\/a><div class='clear '><\/div><\/div>","protected":false},"excerpt":{"rendered":"<p>Malas noticias en\u00a0Valdebebas. Por medio de un comunicado de prensa,\u00a0Real Madrid\u00a0anunci\u00f3 la baja de\u00a0Antonio R\u00fcdiger\u00a0y aunque se desconoce la gravedad de&hellip;<\/p>\n","protected":false},"author":2,"featured_media":97978,"comment_status":"closed","ping_status":"closed","sticky":false,"template":"","format":"standard","meta":{"advanced_seo_description":"","jetpack_seo_html_title":"","jetpack_seo_noindex":false,"_jetpack_memberships_contains_paid_content":false,"footnotes":"","jetpack_publicize_message":"","jetpack_publicize_feature_enabled":true,"jetpack_social_post_already_shared":true,"jetpack_social_options":{"image_generator_settings":{"template":"highway","default_image_id":0,"font":"","enabled":false},"version":2}},"categories":[1898],"tags":[],"class_list":["post-97974","post","type-post","status-publish","format-standard","has-post-thumbnail","hentry","category-destacado-internacional"],"jetpack_publicize_connections":[],"jetpack_featured_media_url":"https:\/\/portaltactica.com\/wp-content\/uploads\/2025\/09\/7-6.jpg","jetpack_sharing_enabled":true,"_links":{"self":[{"href":"https:\/\/portaltactica.com\/index.php?rest_route=\/wp\/v2\/posts\/97974","targetHints":{"allow":["GET"]}}],"collection":[{"href":"https:\/\/portaltactica.com\/index.php?rest_route=\/wp\/v2\/posts"}],"about":[{"href":"https:\/\/portaltactica.com\/index.php?rest_route=\/wp\/v2\/types\/post"}],"author":[{"embeddable":true,"href":"https:\/\/portaltactica.com\/index.php?rest_route=\/wp\/v2\/users\/2"}],"replies":[{"embeddable":true,"href":"https:\/\/portaltactica.com\/index.php?rest_route=%2Fwp%2Fv2%2Fcomments&post=97974"}],"version-history":[{"count":1,"href":"https:\/\/portaltactica.com\/index.php?rest_route=\/wp\/v2\/posts\/97974\/revisions"}],"predecessor-version":[{"id":97979,"href":"https:\/\/portaltactica.com\/index.php?rest_route=\/wp\/v2\/posts\/97974\/revisions\/97979"}],"wp:featuredmedia":[{"embeddable":true,"href":"https:\/\/portaltactica.com\/index.php?rest_route=\/wp\/v2\/media\/97978"}],"wp:attachment":[{"href":"https:\/\/portaltactica.com\/index.php?rest_route=%2Fwp%2Fv2%2Fmedia&parent=97974"}],"wp:term":[{"taxonomy":"category","embeddable":true,"href":"https:\/\/portaltactica.com\/index.php?rest_route=%2Fwp%2Fv2%2Fcategories&post=97974"},{"taxonomy":"post_tag","embeddable":true,"href":"https:\/\/portaltactica.com\/index.php?rest_route=%2Fwp%2Fv2%2Ftags&post=97974"}],"curies":[{"name":"wp","href":"https:\/\/api.w.org\/{rel}","templated":true}]}}