{"id":97779,"date":"2025-09-06T12:05:49","date_gmt":"2025-09-06T19:05:49","guid":{"rendered":"https:\/\/portaltactica.com\/?p=97779"},"modified":"2025-09-06T12:06:21","modified_gmt":"2025-09-06T19:06:21","slug":"psg-no-esta-contento-con-el-tecnico-de-francia-tras-la-lesion-de-dembele","status":"publish","type":"post","link":"https:\/\/portaltactica.com\/?p=97779","title":{"rendered":"PSG no est\u00e1 contento con el t\u00e9cnico de Francia tras la lesi\u00f3n de Demb\u00e9l\u00e9"},"content":{"rendered":"\n<p>El\u00a0<strong>Paris Saint-Germain<\/strong>\u00a0est\u00e1 furioso con el entrenador de\u00a0<strong>Francia, Didier Deschamps<\/strong>, por haber puesto a\u00a0<strong>Ousmane Demb\u00e9l\u00e9<\/strong>\u00a0en el partido del viernes contra Ucrania, donde el delantero sufri\u00f3 una lesi\u00f3n que podr\u00eda dejarlo fuera por m\u00e1s de un mes.<\/p>\n\n\n\n<p>Demb\u00e9l\u00e9, de 28 a\u00f1os, entr\u00f3 al campo en el descanso, pero fue retirado en el minuto 81 por una lesi\u00f3n en el isquiotibial derecho. Una fuente ha informado que el favorito al\u00a0<strong>Bal\u00f3n de Oro<\/strong>\u00a0estar\u00e1 de baja entre cinco y seis semanas tras someterse a unas ecograf\u00edas en la capital francesa.<\/p>\n\n\n\n<p>Se perder\u00e1 el primer partido de la\u00a0<strong>Champions League<\/strong>\u00a0contra el Atalanta, el segundo a domicilio contra el\u00a0<strong>Barcelona\u00a0<\/strong>y posiblemente el viaje al\u00a0<strong>Bayer Leverkusen<\/strong>. Tambi\u00e9n estar\u00e1 ausente del Cl\u00e1sico contra el Marsella y de muchos otros partidos de la Ligue 1.<\/p>\n\n\n\n<p>En Par\u00eds, la decisi\u00f3n de alinear a\u00a0<strong>Demb\u00e9l\u00e9\u00a0<\/strong>se consider\u00f3 incomprensible y err\u00f3nea. Una fuente declar\u00f3 a\u00a0<strong>ESPN\u00a0<\/strong>que alinear a Demb\u00e9l\u00e9, quien sufri\u00f3 una lesi\u00f3n en el isquiotibial izquierdo el fin de semana anterior contra el Toulouse, fue &#8220;rid\u00edculo&#8221;.<\/p>\n\n\n\n<h2 class=\"wp-block-heading\">Deschamps intent\u00f3 defender su decisi\u00f3n despu\u00e9s del partido<\/h2>\n\n\n\n<p>&#8220;Estaba seguro de que era capaz de jugar un partido de alto nivel; de lo contrario, no lo habr\u00eda puesto&#8221;, dijo. &#8220;Esta vez, le toc\u00f3 el otro muslo [que contra el Toulouse]. Estaba en forma. Es una l\u00e1stima para \u00e9l, pero podr\u00eda haberle pasado a otro jugador&#8221;.<\/p>\n\n\n\n<p>&#8220;Tom\u00e9 la decisi\u00f3n de ponerlo a jugar por lo que estaba pensando y porque m\u00e9dicamente no hab\u00eda ning\u00fan problema&#8221;.<\/p>\n\n\n\n<p><strong>D\u00e9sir\u00e9 Dou\u00e9<\/strong>, compa\u00f1ero de Demb\u00e9l\u00e9 en Par\u00eds, tambi\u00e9n se lesion\u00f3 y fue sustituido al descanso contra Ucrania. Sufri\u00f3 una distensi\u00f3n en la pantorrilla y estar\u00e1 de baja entre tres y cuatro semanas, seg\u00fan inform\u00f3 la misma fuente.<\/p>\n\n\n\n<p>Fue un mal d\u00eda en cuanto a lesiones para el\u00a0<strong>PSG<\/strong>, ya que su entrenador,\u00a0<strong>Luis Enrique<\/strong>, termin\u00f3 hospitalizado tras sufrir una fuerte ca\u00edda durante un paseo en bicicleta. El espa\u00f1ol de 55 a\u00f1os se fractur\u00f3 la clav\u00edcula y fue operado el viernes por la noche.<\/p>\n<div class='share-to-whatsapp-wrapper'><div class='share-on-whsp'>Share on: <\/div><a data-text='PSG no est\u00e1 contento con el t\u00e9cnico de Francia tras la lesi\u00f3n de Demb\u00e9l\u00e9' data-link='https:\/\/portaltactica.com\/?p=97779' class='whatsapp-button whatsapp-share'>WhatsApp<\/a><div class='clear '><\/div><\/div>","protected":false},"excerpt":{"rendered":"<p>El\u00a0Paris Saint-Germain\u00a0est\u00e1 furioso con el entrenador de\u00a0Francia, Didier Deschamps, por haber puesto a\u00a0Ousmane Demb\u00e9l\u00e9\u00a0en el partido del viernes contra Ucrania, donde&hellip;<\/p>\n","protected":false},"author":2,"featured_media":97780,"comment_status":"closed","ping_status":"closed","sticky":false,"template":"","format":"standard","meta":{"advanced_seo_description":"","jetpack_seo_html_title":"","jetpack_seo_noindex":false,"_jetpack_memberships_contains_paid_content":false,"footnotes":"","jetpack_publicize_message":"","jetpack_publicize_feature_enabled":true,"jetpack_social_post_already_shared":true,"jetpack_social_options":{"image_generator_settings":{"template":"highway","default_image_id":0,"font":"","enabled":false},"version":2}},"categories":[1898],"tags":[],"class_list":["post-97779","post","type-post","status-publish","format-standard","has-post-thumbnail","hentry","category-destacado-internacional"],"jetpack_publicize_connections":[],"jetpack_featured_media_url":"https:\/\/portaltactica.com\/wp-content\/uploads\/2025\/09\/8-2.jpg","jetpack_sharing_enabled":true,"_links":{"self":[{"href":"https:\/\/portaltactica.com\/index.php?rest_route=\/wp\/v2\/posts\/97779","targetHints":{"allow":["GET"]}}],"collection":[{"href":"https:\/\/portaltactica.com\/index.php?rest_route=\/wp\/v2\/posts"}],"about":[{"href":"https:\/\/portaltactica.com\/index.php?rest_route=\/wp\/v2\/types\/post"}],"author":[{"embeddable":true,"href":"https:\/\/portaltactica.com\/index.php?rest_route=\/wp\/v2\/users\/2"}],"replies":[{"embeddable":true,"href":"https:\/\/portaltactica.com\/index.php?rest_route=%2Fwp%2Fv2%2Fcomments&post=97779"}],"version-history":[{"count":1,"href":"https:\/\/portaltactica.com\/index.php?rest_route=\/wp\/v2\/posts\/97779\/revisions"}],"predecessor-version":[{"id":97781,"href":"https:\/\/portaltactica.com\/index.php?rest_route=\/wp\/v2\/posts\/97779\/revisions\/97781"}],"wp:featuredmedia":[{"embeddable":true,"href":"https:\/\/portaltactica.com\/index.php?rest_route=\/wp\/v2\/media\/97780"}],"wp:attachment":[{"href":"https:\/\/portaltactica.com\/index.php?rest_route=%2Fwp%2Fv2%2Fmedia&parent=97779"}],"wp:term":[{"taxonomy":"category","embeddable":true,"href":"https:\/\/portaltactica.com\/index.php?rest_route=%2Fwp%2Fv2%2Fcategories&post=97779"},{"taxonomy":"post_tag","embeddable":true,"href":"https:\/\/portaltactica.com\/index.php?rest_route=%2Fwp%2Fv2%2Ftags&post=97779"}],"curies":[{"name":"wp","href":"https:\/\/api.w.org\/{rel}","templated":true}]}}