{"id":97764,"date":"2025-09-06T09:29:49","date_gmt":"2025-09-06T16:29:49","guid":{"rendered":"https:\/\/portaltactica.com\/?p=97764"},"modified":"2025-09-06T09:29:50","modified_gmt":"2025-09-06T16:29:50","slug":"descontrol-en-el-vestuario-erik-ten-hag-y-su-problematica-salida-de-bayern-leverkusen","status":"publish","type":"post","link":"https:\/\/portaltactica.com\/?p=97764","title":{"rendered":"\u00bfDescontrol en el vestuario? Erik ten Hag y su problem\u00e1tica salida de Bayern Leverkusen"},"content":{"rendered":"\n<p>La abrupta salida de\u00a0<strong>Erik ten Hag<\/strong>\u00a0del\u00a0<strong>Bayer Leverkusen,<\/strong>\u00a0apenas tres partidos despu\u00e9s de su debut en el banquillo, ha sorprendido al mundo del f\u00fatbol. Aunque en un inicio se pens\u00f3 que los malos resultados precipitaron su despido, nuevas versiones desde\u00a0<strong>Alemania\u00a0<\/strong>y\u00a0<strong>Pa\u00edses Bajos<\/strong>\u00a0apuntan a motivos mucho m\u00e1s profundos.<\/p>\n\n\n\n<h2 class=\"wp-block-heading\">Tensiones internas y ruptura con el vestidor<\/h2>\n\n\n\n<p>De acuerdo con informaci\u00f3n publicada por&nbsp;<em>Bild<\/em>, la decisi\u00f3n del club no estuvo ligada al rendimiento deportivo, sino a los conflictos internos que gener\u00f3 el entrenador neerland\u00e9s.&nbsp;<strong>Ten Hag<\/strong>&nbsp;habr\u00eda mantenido una&nbsp;<strong>mala relaci\u00f3n pr\u00e1cticamente con todo su entorno<\/strong>: jugadores,<strong>&nbsp;cuerpo t\u00e9cnico y directiva.&nbsp;<\/strong>El mismo medio se\u00f1ala que su metodolog\u00eda de trabajo fue cuestionada desde el primer d\u00eda, generando un clima de tensi\u00f3n que result\u00f3 insostenible.<\/p>\n\n\n\n<h2 class=\"wp-block-heading\">Se\u00f1alamientos por presuntos malos manejos en fichajes<\/h2>\n\n\n\n<p>Otro de los puntos que habr\u00edan pesado en la salida del estratega es su pol\u00edtica de refuerzos. Medios neerlandeses aseguran que&nbsp;<strong>Ten Hag&nbsp;<\/strong>recomend\u00f3 de manera reiterada<strong>&nbsp;futbolistas vinculados a una sola agencia<\/strong>, lo que levant\u00f3 sospechas dentro del club sobre un posible beneficio econ\u00f3mico personal. Aunque estas versiones no han sido confirmadas, los reportes aseguran que la directiva consider\u00f3 la situaci\u00f3n como una se\u00f1al de alarma.<\/p>\n\n\n\n<h2 class=\"wp-block-heading\">Un ciclo fugaz que deja dudas<\/h2>\n\n\n\n<p>La experiencia de&nbsp;<strong>Erik ten Hag en el Leverkusen&nbsp;<\/strong>se convirti\u00f3 en una de las etapas m\u00e1s cortas de un entrenador en la&nbsp;<strong>Bundesliga<\/strong>. Su despido deja un aire de pol\u00e9mica, marcado por las tensiones internas y las dudas en torno a sus decisiones deportivas y administrativas. Ahora el conjunto alem\u00e1n deber\u00e1 reestructurar su proyecto, mientras que el futuro inmediato del t\u00e9cnico neerland\u00e9s queda en entredicho tras esta controvertida salida.<\/p>\n\n\n\n<p><\/p>\n<div class='share-to-whatsapp-wrapper'><div class='share-on-whsp'>Share on: <\/div><a data-text='\u00bfDescontrol en el vestuario? Erik ten Hag y su problem\u00e1tica salida de Bayern Leverkusen' data-link='https:\/\/portaltactica.com\/?p=97764' class='whatsapp-button whatsapp-share'>WhatsApp<\/a><div class='clear '><\/div><\/div>","protected":false},"excerpt":{"rendered":"<p>La abrupta salida de\u00a0Erik ten Hag\u00a0del\u00a0Bayer Leverkusen,\u00a0apenas tres partidos despu\u00e9s de su debut en el banquillo, ha sorprendido al mundo del&hellip;<\/p>\n","protected":false},"author":2,"featured_media":97765,"comment_status":"closed","ping_status":"closed","sticky":false,"template":"","format":"standard","meta":{"advanced_seo_description":"","jetpack_seo_html_title":"","jetpack_seo_noindex":false,"_jetpack_memberships_contains_paid_content":false,"footnotes":"","jetpack_publicize_message":"","jetpack_publicize_feature_enabled":true,"jetpack_social_post_already_shared":true,"jetpack_social_options":{"image_generator_settings":{"template":"highway","default_image_id":0,"font":"","enabled":false},"version":2}},"categories":[1898],"tags":[],"class_list":["post-97764","post","type-post","status-publish","format-standard","has-post-thumbnail","hentry","category-destacado-internacional"],"jetpack_publicize_connections":[],"jetpack_featured_media_url":"https:\/\/portaltactica.com\/wp-content\/uploads\/2025\/09\/3-4.jpg","jetpack_sharing_enabled":true,"_links":{"self":[{"href":"https:\/\/portaltactica.com\/index.php?rest_route=\/wp\/v2\/posts\/97764","targetHints":{"allow":["GET"]}}],"collection":[{"href":"https:\/\/portaltactica.com\/index.php?rest_route=\/wp\/v2\/posts"}],"about":[{"href":"https:\/\/portaltactica.com\/index.php?rest_route=\/wp\/v2\/types\/post"}],"author":[{"embeddable":true,"href":"https:\/\/portaltactica.com\/index.php?rest_route=\/wp\/v2\/users\/2"}],"replies":[{"embeddable":true,"href":"https:\/\/portaltactica.com\/index.php?rest_route=%2Fwp%2Fv2%2Fcomments&post=97764"}],"version-history":[{"count":1,"href":"https:\/\/portaltactica.com\/index.php?rest_route=\/wp\/v2\/posts\/97764\/revisions"}],"predecessor-version":[{"id":97766,"href":"https:\/\/portaltactica.com\/index.php?rest_route=\/wp\/v2\/posts\/97764\/revisions\/97766"}],"wp:featuredmedia":[{"embeddable":true,"href":"https:\/\/portaltactica.com\/index.php?rest_route=\/wp\/v2\/media\/97765"}],"wp:attachment":[{"href":"https:\/\/portaltactica.com\/index.php?rest_route=%2Fwp%2Fv2%2Fmedia&parent=97764"}],"wp:term":[{"taxonomy":"category","embeddable":true,"href":"https:\/\/portaltactica.com\/index.php?rest_route=%2Fwp%2Fv2%2Fcategories&post=97764"},{"taxonomy":"post_tag","embeddable":true,"href":"https:\/\/portaltactica.com\/index.php?rest_route=%2Fwp%2Fv2%2Ftags&post=97764"}],"curies":[{"name":"wp","href":"https:\/\/api.w.org\/{rel}","templated":true}]}}