{"id":97658,"date":"2025-09-03T12:40:46","date_gmt":"2025-09-03T19:40:46","guid":{"rendered":"https:\/\/portaltactica.com\/?p=97658"},"modified":"2025-09-03T12:40:51","modified_gmt":"2025-09-03T19:40:51","slug":"la-razon-por-la-que-ancelotti-dejo-fuera-a-neymar-de-la-convocatoria-de-brasil","status":"publish","type":"post","link":"https:\/\/portaltactica.com\/?p=97658","title":{"rendered":"La raz\u00f3n por la que Ancelotti dej\u00f3 fuera a Neymar de la convocatoria de Brasil"},"content":{"rendered":"\n<p>La actividad de las eliminatorias rumbo a la\u00a0<strong>Copa Mundial 2026<\/strong>\u00a0se reanuda esta semana y uno de los equipos en salir a escena ser\u00e1 la\u00a0<strong>Selecci\u00f3n de Brasil<\/strong>. La Verdeamarela ya tiene su boleto para la justa, pero buscar\u00e1 escalar posiciones en la clasificaci\u00f3n de la\u00a0<strong>Conmebol<\/strong>.<\/p>\n\n\n\n<p>El equipo dirigido por\u00a0<strong>Carlo Ancelotti<\/strong>\u00a0se enfrentar\u00e1 a\u00a0<strong>Chile y Bolivia<\/strong>, compromisos para los que el estratega no convoc\u00f3 a\u00a0<strong>Neymar<\/strong>. La ausencia del jugador caus\u00f3 controversia, pero el ext\u00e9cnico de\u00a0<strong>Real Madrid<\/strong>\u00a0se justific\u00f3.<\/p>\n\n\n\n<h2 class=\"wp-block-heading\">La raz\u00f3n de Ancelotti para no convocar a Neymar<\/h2>\n\n\n\n<p>En conferencia de prensa previo al partido contra la Roja, el italiano explic\u00f3 sus motivos y se\u00f1al\u00f3 que el estado f\u00edsico del jugador de&nbsp;<strong>Santos<\/strong>&nbsp;fue el motivo por el cual lo dej\u00f3 fuera. \u201cFue una decisi\u00f3n t\u00e9cnica&nbsp;que se basa en muchas cosas&#8221;.<\/p>\n\n\n\n<p>\u201cY la&nbsp;condici\u00f3n f\u00edsica&nbsp;es un criterio muy importante para la comisi\u00f3n t\u00e9cnica.&nbsp;Nadie puede discutir el nivel t\u00e9cnico de Neymar,&nbsp;pero lo que evaluamos cada d\u00eda y a cada partido es su&nbsp;condici\u00f3n f\u00edsica. Y no s\u00f3lo la de Neymar sino la de todos&#8221;, se\u00f1al\u00f3.<\/p>\n\n\n\n<h2 class=\"wp-block-heading\">Ancelotti quiere jugadores bien f\u00edsicamente para el Mundial<\/h2>\n\n\n\n<p>Por otra parte, aunque no dio nombres, Carletto reconoci\u00f3 que s\u00ed tiene una idea de lo que quiere para su lista final para el Mundial 2026. Enfatiz\u00f3 que de, alrededor de 70 jugadores que pueden ser llamados, ganar\u00e1n su lugar los que est\u00e9n en mejor estado f\u00edsico y que encajen en la idea t\u00e1ctica.<\/p>\n\n\n\n<p>\u201cEvaluaremos su calidad, el que est\u00e9n&nbsp;100 por ciento bien f\u00edsicamente&nbsp;y que encajen bien el equipo, es decir&nbsp;que jueguen para el equipo y no individualmente\u201d, finaliz\u00f3.<\/p>\n<div class='share-to-whatsapp-wrapper'><div class='share-on-whsp'>Share on: <\/div><a data-text='La raz\u00f3n por la que Ancelotti dej\u00f3 fuera a Neymar de la convocatoria de Brasil' data-link='https:\/\/portaltactica.com\/?p=97658' class='whatsapp-button whatsapp-share'>WhatsApp<\/a><div class='clear '><\/div><\/div>","protected":false},"excerpt":{"rendered":"<p>La actividad de las eliminatorias rumbo a la\u00a0Copa Mundial 2026\u00a0se reanuda esta semana y uno de los equipos en salir a&hellip;<\/p>\n","protected":false},"author":2,"featured_media":97659,"comment_status":"closed","ping_status":"closed","sticky":false,"template":"","format":"standard","meta":{"advanced_seo_description":"","jetpack_seo_html_title":"","jetpack_seo_noindex":false,"_jetpack_memberships_contains_paid_content":false,"footnotes":"","jetpack_publicize_message":"","jetpack_publicize_feature_enabled":true,"jetpack_social_post_already_shared":true,"jetpack_social_options":{"image_generator_settings":{"template":"highway","default_image_id":0,"font":"","enabled":false},"version":2}},"categories":[1896],"tags":[],"class_list":["post-97658","post","type-post","status-publish","format-standard","has-post-thumbnail","hentry","category-destacado-portada"],"jetpack_publicize_connections":[],"jetpack_featured_media_url":"https:\/\/portaltactica.com\/wp-content\/uploads\/2025\/09\/2-2.jpg","jetpack_sharing_enabled":true,"_links":{"self":[{"href":"https:\/\/portaltactica.com\/index.php?rest_route=\/wp\/v2\/posts\/97658","targetHints":{"allow":["GET"]}}],"collection":[{"href":"https:\/\/portaltactica.com\/index.php?rest_route=\/wp\/v2\/posts"}],"about":[{"href":"https:\/\/portaltactica.com\/index.php?rest_route=\/wp\/v2\/types\/post"}],"author":[{"embeddable":true,"href":"https:\/\/portaltactica.com\/index.php?rest_route=\/wp\/v2\/users\/2"}],"replies":[{"embeddable":true,"href":"https:\/\/portaltactica.com\/index.php?rest_route=%2Fwp%2Fv2%2Fcomments&post=97658"}],"version-history":[{"count":1,"href":"https:\/\/portaltactica.com\/index.php?rest_route=\/wp\/v2\/posts\/97658\/revisions"}],"predecessor-version":[{"id":97660,"href":"https:\/\/portaltactica.com\/index.php?rest_route=\/wp\/v2\/posts\/97658\/revisions\/97660"}],"wp:featuredmedia":[{"embeddable":true,"href":"https:\/\/portaltactica.com\/index.php?rest_route=\/wp\/v2\/media\/97659"}],"wp:attachment":[{"href":"https:\/\/portaltactica.com\/index.php?rest_route=%2Fwp%2Fv2%2Fmedia&parent=97658"}],"wp:term":[{"taxonomy":"category","embeddable":true,"href":"https:\/\/portaltactica.com\/index.php?rest_route=%2Fwp%2Fv2%2Fcategories&post=97658"},{"taxonomy":"post_tag","embeddable":true,"href":"https:\/\/portaltactica.com\/index.php?rest_route=%2Fwp%2Fv2%2Ftags&post=97658"}],"curies":[{"name":"wp","href":"https:\/\/api.w.org\/{rel}","templated":true}]}}