{"id":97627,"date":"2025-09-01T17:37:04","date_gmt":"2025-09-02T00:37:04","guid":{"rendered":"https:\/\/portaltactica.com\/?p=97627"},"modified":"2025-09-01T17:37:35","modified_gmt":"2025-09-02T00:37:35","slug":"pachuca-dice-adios-a-alemao-el-brasileno-jugara-en-la-liga-espanola","status":"publish","type":"post","link":"https:\/\/portaltactica.com\/?p=97627","title":{"rendered":"Pachuca dice adi\u00f3s a Alem\u00e3o: el brasile\u00f1o jugar\u00e1 en la liga espa\u00f1ola"},"content":{"rendered":"\n<p>Poquito m\u00e1s de un mes dur\u00f3 la aventura del brasile\u00f1o&nbsp;<strong>Alexandre Zurawski \u201cAlem\u00e3o\u201d<\/strong>&nbsp;con los&nbsp;<strong>Tuzos del Pachuca.&nbsp;<\/strong>Este 1ro de septiembre, d\u00eda de cierre de fichajes, el club hidalguense anunci\u00f3 la salida, quien ahora se incorpora al&nbsp;<strong>Rayo Vallecano<\/strong>&nbsp;de Espa\u00f1a.<\/p>\n\n\n\n<p>El atacante sudamericano hab\u00eda sido presentado el&nbsp;<strong>21 de julio<\/strong>&nbsp;como refuerzo de los Tuzos para el&nbsp;<strong>Torneo Apertura 2025 de la Liga MX<\/strong>, tras jugar la temporada pasada con el&nbsp;<strong>Real Oviedo<\/strong>, equipo que tambi\u00e9n pertenece a&nbsp;<strong>Grupo Pachuca<\/strong>. Su estancia en M\u00e9xico fue breve, tras disputar solo&nbsp;<strong>seis partidos<\/strong>&nbsp;en todas las competencias.<\/p>\n\n\n\n<h2 class=\"wp-block-heading\">Refuerzo clave para el Rayo Vallecano<\/h2>\n\n\n\n<p>El&nbsp;<strong>Rayo Vallecano<\/strong>&nbsp;confirm\u00f3 en su web oficial la llegada del delantero brasile\u00f1o, movimiento que tambi\u00e9n fue replicado por&nbsp;<strong>Pachuca en redes sociales<\/strong>. El delantero se marcha tras solo haber anotado un gol, mismo que lleg\u00f3 en los&nbsp;<strong>Cuartos de Final de Leagues Cup<\/strong>&nbsp;ante&nbsp;<strong>LA Galaxy.<\/strong><\/p>\n\n\n\n<p>El club de Vallecas afrontar\u00e1 una temporada exigente con tres torneos en agenda:&nbsp;<strong>LaLiga espa\u00f1ola, Copa del Rey y Conference League<\/strong>. Por lo que, necesitar\u00e1n ayuda en varias posiciones, especialmente en la delantera, tras sufrir las bajas de&nbsp;<strong>Sergi Guardiola<\/strong>&nbsp;y&nbsp;<strong>Ra\u00fal de Tom\u00e1s.<\/strong><\/p>\n\n\n\n<h2 class=\"wp-block-heading\">Reacci\u00f3n en Pachuca<\/h2>\n\n\n\n<p>La salida de Alem\u00e3o fue sorpresiva para el t\u00e9cnico&nbsp;<strong>Jaime Lozano<\/strong>, quien asegur\u00f3 haberse enterado a \u00faltima hora. \u201cTodo fue entre ayer y hoy, no hemos tocado el tema. Para m\u00ed, la llegada de Alem\u00e3o nos daba competencia\u2026 fue titular, marc\u00f3 en Leagues Cup y cuando mejor se afianzaba, se va\u201d, lament\u00f3 el entrenador de los Tuzos.<\/p>\n\n\n\n<p>Con esta transferencia, Pachuca pierde a un atacante que apenas comenzaba a adaptarse al f\u00fatbol mexicano, mientras que el&nbsp;<strong>Rayo Vallecano<\/strong>&nbsp;suma un refuerzo con experiencia reciente en Europa y un breve paso por la&nbsp;<strong>Liga MX<\/strong>.<\/p>\n\n\n\n<p><\/p>\n<div class='share-to-whatsapp-wrapper'><div class='share-on-whsp'>Share on: <\/div><a data-text='Pachuca dice adi\u00f3s a Alem\u00e3o: el brasile\u00f1o jugar\u00e1 en la liga espa\u00f1ola' data-link='https:\/\/portaltactica.com\/?p=97627' class='whatsapp-button whatsapp-share'>WhatsApp<\/a><div class='clear '><\/div><\/div>","protected":false},"excerpt":{"rendered":"<p>Poquito m\u00e1s de un mes dur\u00f3 la aventura del brasile\u00f1o&nbsp;Alexandre Zurawski \u201cAlem\u00e3o\u201d&nbsp;con los&nbsp;Tuzos del Pachuca.&nbsp;Este 1ro de septiembre, d\u00eda de cierre&hellip;<\/p>\n","protected":false},"author":2,"featured_media":97628,"comment_status":"closed","ping_status":"closed","sticky":false,"template":"","format":"standard","meta":{"advanced_seo_description":"","jetpack_seo_html_title":"","jetpack_seo_noindex":false,"_jetpack_memberships_contains_paid_content":false,"footnotes":"","jetpack_publicize_message":"","jetpack_publicize_feature_enabled":true,"jetpack_social_post_already_shared":true,"jetpack_social_options":{"image_generator_settings":{"template":"highway","default_image_id":0,"font":"","enabled":false},"version":2}},"categories":[1897],"tags":[],"class_list":["post-97627","post","type-post","status-publish","format-standard","has-post-thumbnail","hentry","category-destacado-nacional"],"jetpack_publicize_connections":[],"jetpack_featured_media_url":"https:\/\/portaltactica.com\/wp-content\/uploads\/2025\/09\/10.png","jetpack_sharing_enabled":true,"_links":{"self":[{"href":"https:\/\/portaltactica.com\/index.php?rest_route=\/wp\/v2\/posts\/97627","targetHints":{"allow":["GET"]}}],"collection":[{"href":"https:\/\/portaltactica.com\/index.php?rest_route=\/wp\/v2\/posts"}],"about":[{"href":"https:\/\/portaltactica.com\/index.php?rest_route=\/wp\/v2\/types\/post"}],"author":[{"embeddable":true,"href":"https:\/\/portaltactica.com\/index.php?rest_route=\/wp\/v2\/users\/2"}],"replies":[{"embeddable":true,"href":"https:\/\/portaltactica.com\/index.php?rest_route=%2Fwp%2Fv2%2Fcomments&post=97627"}],"version-history":[{"count":1,"href":"https:\/\/portaltactica.com\/index.php?rest_route=\/wp\/v2\/posts\/97627\/revisions"}],"predecessor-version":[{"id":97629,"href":"https:\/\/portaltactica.com\/index.php?rest_route=\/wp\/v2\/posts\/97627\/revisions\/97629"}],"wp:featuredmedia":[{"embeddable":true,"href":"https:\/\/portaltactica.com\/index.php?rest_route=\/wp\/v2\/media\/97628"}],"wp:attachment":[{"href":"https:\/\/portaltactica.com\/index.php?rest_route=%2Fwp%2Fv2%2Fmedia&parent=97627"}],"wp:term":[{"taxonomy":"category","embeddable":true,"href":"https:\/\/portaltactica.com\/index.php?rest_route=%2Fwp%2Fv2%2Fcategories&post=97627"},{"taxonomy":"post_tag","embeddable":true,"href":"https:\/\/portaltactica.com\/index.php?rest_route=%2Fwp%2Fv2%2Ftags&post=97627"}],"curies":[{"name":"wp","href":"https:\/\/api.w.org\/{rel}","templated":true}]}}