{"id":97624,"date":"2025-09-01T17:32:38","date_gmt":"2025-09-02T00:32:38","guid":{"rendered":"https:\/\/portaltactica.com\/?p=97624"},"modified":"2025-09-01T17:33:10","modified_gmt":"2025-09-02T00:33:10","slug":"america-no-saldria-de-cdmx-clasico-nacional-se-jugaria-en-el-ciudad-de-los-deportes","status":"publish","type":"post","link":"https:\/\/portaltactica.com\/?p=97624","title":{"rendered":"Am\u00e9rica no saldr\u00eda de CDMX: Cl\u00e1sico Nacional se jugar\u00eda en el Ciudad de los Deportes"},"content":{"rendered":"\n<p>La incertidumbre por ver que pasar\u00e1 con el\u00a0<strong>Estadio Ciudad de los Deportes<\/strong>\u00a0contin\u00faa, pero ante ello, la pregunta de d\u00f3nde se jugar\u00e1 el\u00a0<strong>Cl\u00e1sico Nacional<\/strong>\u00a0(<strong>Am\u00e9rica<\/strong>\u00a0vs\u00a0<strong>Chivas<\/strong>) sigue siendo una inc\u00f3gnita, aunque parece haber una resoluci\u00f3n.\u00a0<\/p>\n\n\n\n<p>La&nbsp;<strong>directiva azulcrema<\/strong>&nbsp;se ha mostrado muy inconforme porque la&nbsp;<strong>alcald\u00eda Benito Ju\u00e1rez<\/strong>&nbsp;no les permiti\u00f3 jugar con su afici\u00f3n en la jornada 7 ante&nbsp;<strong>Pachuca<\/strong>.&nbsp;<\/p>\n\n\n\n<p>Ante ello, las cr\u00edticas no se hicieron esperar, tanto de periodistas como del propio entrenador del\u00a0<strong>Am\u00e9rica<\/strong>,\u00a0<strong>Andr\u00e9 Jardine<\/strong>, afirmando que esta situaci\u00f3n no estar\u00eda pasando en el\u00a0<strong>Estadio Banorte<\/strong>.<\/p>\n\n\n\n<h2 class=\"wp-block-heading\">El Cl\u00e1sico no se mueve de CDMX<\/h2>\n\n\n\n<p>Tras el problema entre la&nbsp;<strong>alcald\u00eda Benito Ju\u00e1rez<\/strong>&nbsp;y el&nbsp;<strong>Estadio Ciudad de los Deportes<\/strong>, el&nbsp;<strong>Am\u00e9rica<\/strong>&nbsp;estaba analizando la posibilidad de que el&nbsp;<strong>Cl\u00e1sico&nbsp;<\/strong>contra&nbsp;<strong>Chivas<\/strong>&nbsp;se jugar\u00e1 fuera de este recinto.&nbsp;<\/p>\n\n\n\n<p>Dentro de las opciones que manejaba la directiva de las&nbsp;<strong>\u00c1guilas<\/strong>&nbsp;estaban el&nbsp;<strong>Estadio Cuauht\u00e9moc<\/strong>&nbsp;y el&nbsp;<strong>Estadio La Corregidora<\/strong>, sin embargo, ambas opciones fueron descartadas.&nbsp;<\/p>\n\n\n\n<p>En&nbsp;<strong>Puebla<\/strong>&nbsp;estar\u00e1 el concierto de&nbsp;<strong>Shakira<\/strong>&nbsp;y solamente tendr\u00edan un lapso de 24 horas para recuperar la cancha y en&nbsp;<strong>Quer\u00e9taro<\/strong>, los&nbsp;<strong>Gallos<\/strong>&nbsp;estar\u00eda jugando al siguiente d\u00eda de&nbsp;<strong>local<\/strong>, motivo por el cual se descart\u00f3 esta opci\u00f3n.&nbsp;<\/p>\n\n\n\n<p>Ante estos escenarios, el\u00a0<strong>Am\u00e9rica<\/strong>\u00a0no tendr\u00eda m\u00e1s opci\u00f3n que el dialogo con la\u00a0<strong>alcald\u00eda<\/strong>\u00a0y tratar de llegar a un\u00a0<strong>acuerdo<\/strong>\u00a0para que se juegue el\u00a0<strong>Cl\u00e1sico<\/strong>\u00a0en el\u00a0<strong>Ciudad de los Deportes.\u00a0<\/strong><\/p>\n\n\n\n<p>Este pr\u00f3ximo 2 de septiembre, la&nbsp;<strong>alcald\u00eda<\/strong>, junto con autoridades del&nbsp;<strong>recinto<\/strong>&nbsp;as\u00ed como&nbsp;<strong>directivos<\/strong>&nbsp;del&nbsp;<strong>Am\u00e9rica<\/strong>, sostendr\u00e1n una reuni\u00f3n para llegar a un acuerdo y que la&nbsp;<strong>afici\u00f3n<\/strong>&nbsp;pueda volver al&nbsp;<strong>estadio<\/strong><\/p>\n<div class='share-to-whatsapp-wrapper'><div class='share-on-whsp'>Share on: <\/div><a data-text='Am\u00e9rica no saldr\u00eda de CDMX: Cl\u00e1sico Nacional se jugar\u00eda en el Ciudad de los Deportes' data-link='https:\/\/portaltactica.com\/?p=97624' class='whatsapp-button whatsapp-share'>WhatsApp<\/a><div class='clear '><\/div><\/div>","protected":false},"excerpt":{"rendered":"<p>La incertidumbre por ver que pasar\u00e1 con el\u00a0Estadio Ciudad de los Deportes\u00a0contin\u00faa, pero ante ello, la pregunta de d\u00f3nde se jugar\u00e1&hellip;<\/p>\n","protected":false},"author":2,"featured_media":97625,"comment_status":"closed","ping_status":"closed","sticky":false,"template":"","format":"standard","meta":{"advanced_seo_description":"","jetpack_seo_html_title":"","jetpack_seo_noindex":false,"_jetpack_memberships_contains_paid_content":false,"footnotes":"","jetpack_publicize_message":"","jetpack_publicize_feature_enabled":true,"jetpack_social_post_already_shared":true,"jetpack_social_options":{"image_generator_settings":{"template":"highway","default_image_id":0,"font":"","enabled":false},"version":2}},"categories":[1897],"tags":[],"class_list":["post-97624","post","type-post","status-publish","format-standard","has-post-thumbnail","hentry","category-destacado-nacional"],"jetpack_publicize_connections":[],"jetpack_featured_media_url":"https:\/\/portaltactica.com\/wp-content\/uploads\/2025\/09\/9.jpg","jetpack_sharing_enabled":true,"_links":{"self":[{"href":"https:\/\/portaltactica.com\/index.php?rest_route=\/wp\/v2\/posts\/97624","targetHints":{"allow":["GET"]}}],"collection":[{"href":"https:\/\/portaltactica.com\/index.php?rest_route=\/wp\/v2\/posts"}],"about":[{"href":"https:\/\/portaltactica.com\/index.php?rest_route=\/wp\/v2\/types\/post"}],"author":[{"embeddable":true,"href":"https:\/\/portaltactica.com\/index.php?rest_route=\/wp\/v2\/users\/2"}],"replies":[{"embeddable":true,"href":"https:\/\/portaltactica.com\/index.php?rest_route=%2Fwp%2Fv2%2Fcomments&post=97624"}],"version-history":[{"count":1,"href":"https:\/\/portaltactica.com\/index.php?rest_route=\/wp\/v2\/posts\/97624\/revisions"}],"predecessor-version":[{"id":97626,"href":"https:\/\/portaltactica.com\/index.php?rest_route=\/wp\/v2\/posts\/97624\/revisions\/97626"}],"wp:featuredmedia":[{"embeddable":true,"href":"https:\/\/portaltactica.com\/index.php?rest_route=\/wp\/v2\/media\/97625"}],"wp:attachment":[{"href":"https:\/\/portaltactica.com\/index.php?rest_route=%2Fwp%2Fv2%2Fmedia&parent=97624"}],"wp:term":[{"taxonomy":"category","embeddable":true,"href":"https:\/\/portaltactica.com\/index.php?rest_route=%2Fwp%2Fv2%2Fcategories&post=97624"},{"taxonomy":"post_tag","embeddable":true,"href":"https:\/\/portaltactica.com\/index.php?rest_route=%2Fwp%2Fv2%2Ftags&post=97624"}],"curies":[{"name":"wp","href":"https:\/\/api.w.org\/{rel}","templated":true}]}}