{"id":97597,"date":"2025-09-01T12:34:32","date_gmt":"2025-09-01T19:34:32","guid":{"rendered":"https:\/\/portaltactica.com\/?p=97597"},"modified":"2025-09-01T12:34:35","modified_gmt":"2025-09-01T19:34:35","slug":"santiago-gimenez-seguira-en-el-milan-y-deja-atras-el-interes-de-la-roma","status":"publish","type":"post","link":"https:\/\/portaltactica.com\/?p=97597","title":{"rendered":"Santiago Gim\u00e9nez seguir\u00e1 en el Milan y deja atr\u00e1s el inter\u00e9s de la Roma"},"content":{"rendered":"\n<p>Luego de horas de incertidumbre en el cierre del mercado de fichajes en Europa y con la posibilidad de salir del equipo,&nbsp;<strong>Santiago Gim\u00e9nez&nbsp;<\/strong>finalmente no saldr\u00e1 del&nbsp;<strong>AC Mil\u00e1n&nbsp;<\/strong>y su posible fichaje con&nbsp;<strong>AS Roma&nbsp;<\/strong>se termin\u00f3 por caer.<\/p>\n\n\n\n<p>Por medio de las redes sociales, tanto&nbsp;<strong>Santi Gim\u00e9nez&nbsp;<\/strong>como su agente&nbsp;<strong>Rafaela Pimenta<\/strong>, confirmaron su permanencia en Milan. Sin palabras pero con muchos simbolismos, jugador y representante dieron a entender que el mexicano se mantendr\u00e1n en el&nbsp;<strong>Milan&nbsp;<\/strong>este torneo.&nbsp;<\/p>\n\n\n\n<h2 class=\"wp-block-heading\">Luchar\u00e1 por un lugar Milan<\/h2>\n\n\n\n<p><strong>Santiago Gim\u00e9nez<\/strong>&nbsp;fue fichado por el&nbsp;<strong>AC Milan<\/strong>&nbsp;el pasado invierno en una medida desesperado del equipo rossoneri de salvar la temporada. Ahora, tras la decisi\u00f3n de permanecer en el equipo, el mexicano apuntar a tener su primera temporada completa en Italia.<\/p>\n\n\n\n<p>Hasta el momento&nbsp;<strong>Santi Gim\u00e9nez<\/strong>&nbsp;suma un total&nbsp;<strong>1,146 minutos&nbsp;<\/strong>con el&nbsp;<strong>Milan<\/strong>, esto repartido en&nbsp;<strong>22 partidos<\/strong>&nbsp;y registrando&nbsp;<strong>6 goles y 4 asistencias.&nbsp;<\/strong><\/p>\n\n\n\n<h2 class=\"wp-block-heading\">Lo que pudo ser Santi en la Roma<\/h2>\n\n\n\n<p>A pesar de que&nbsp;<strong>AS Roma<\/strong>&nbsp;en nombre es un club de menor relevancia que el&nbsp;<strong>Milan<\/strong>, la realidad es que en&nbsp;<strong>&#8216;La Loba&#8217; Santi Gim\u00e9nez&nbsp;<\/strong>pudo tener reto mayor, pues el equipo de la capital vive un mejor presente.&nbsp;<\/p>\n\n\n\n<p>Adem\u00e1s de que pr\u00e1cticamente ten\u00eda asegurada la titularidad,&nbsp;<strong>AS<\/strong>&nbsp;<strong>Roma<\/strong>&nbsp;se encuentra en los primeros lugares de la&nbsp;<strong>Serie A<\/strong>&nbsp;y le iba a dar al&nbsp;<strong>&#8216;Bebote&#8217;<\/strong>&nbsp;&nbsp;la oportunidad de disputar la Europa League esta temporada, algo que en&nbsp;<strong>Milan<\/strong>&nbsp;no tendr\u00e1 este a\u00f1o pues el club no se clasific\u00f3 a ninguna competencia europea y se tendr\u00e1 que conformar con disputar la Serie A y la Coppa Italia.<\/p>\n<div class='share-to-whatsapp-wrapper'><div class='share-on-whsp'>Share on: <\/div><a data-text='Santiago Gim\u00e9nez seguir\u00e1 en el Milan y deja atr\u00e1s el inter\u00e9s de la Roma' data-link='https:\/\/portaltactica.com\/?p=97597' class='whatsapp-button whatsapp-share'>WhatsApp<\/a><div class='clear '><\/div><\/div>","protected":false},"excerpt":{"rendered":"<p>Luego de horas de incertidumbre en el cierre del mercado de fichajes en Europa y con la posibilidad de salir del&hellip;<\/p>\n","protected":false},"author":2,"featured_media":97598,"comment_status":"closed","ping_status":"closed","sticky":false,"template":"","format":"standard","meta":{"advanced_seo_description":"","jetpack_seo_html_title":"","jetpack_seo_noindex":false,"_jetpack_memberships_contains_paid_content":false,"footnotes":"","jetpack_publicize_message":"","jetpack_publicize_feature_enabled":true,"jetpack_social_post_already_shared":true,"jetpack_social_options":{"image_generator_settings":{"template":"highway","default_image_id":0,"font":"","enabled":false},"version":2}},"categories":[1896],"tags":[],"class_list":["post-97597","post","type-post","status-publish","format-standard","has-post-thumbnail","hentry","category-destacado-portada"],"jetpack_publicize_connections":[],"jetpack_featured_media_url":"https:\/\/portaltactica.com\/wp-content\/uploads\/2025\/09\/3.jpg","jetpack_sharing_enabled":true,"_links":{"self":[{"href":"https:\/\/portaltactica.com\/index.php?rest_route=\/wp\/v2\/posts\/97597","targetHints":{"allow":["GET"]}}],"collection":[{"href":"https:\/\/portaltactica.com\/index.php?rest_route=\/wp\/v2\/posts"}],"about":[{"href":"https:\/\/portaltactica.com\/index.php?rest_route=\/wp\/v2\/types\/post"}],"author":[{"embeddable":true,"href":"https:\/\/portaltactica.com\/index.php?rest_route=\/wp\/v2\/users\/2"}],"replies":[{"embeddable":true,"href":"https:\/\/portaltactica.com\/index.php?rest_route=%2Fwp%2Fv2%2Fcomments&post=97597"}],"version-history":[{"count":1,"href":"https:\/\/portaltactica.com\/index.php?rest_route=\/wp\/v2\/posts\/97597\/revisions"}],"predecessor-version":[{"id":97599,"href":"https:\/\/portaltactica.com\/index.php?rest_route=\/wp\/v2\/posts\/97597\/revisions\/97599"}],"wp:featuredmedia":[{"embeddable":true,"href":"https:\/\/portaltactica.com\/index.php?rest_route=\/wp\/v2\/media\/97598"}],"wp:attachment":[{"href":"https:\/\/portaltactica.com\/index.php?rest_route=%2Fwp%2Fv2%2Fmedia&parent=97597"}],"wp:term":[{"taxonomy":"category","embeddable":true,"href":"https:\/\/portaltactica.com\/index.php?rest_route=%2Fwp%2Fv2%2Fcategories&post=97597"},{"taxonomy":"post_tag","embeddable":true,"href":"https:\/\/portaltactica.com\/index.php?rest_route=%2Fwp%2Fv2%2Ftags&post=97597"}],"curies":[{"name":"wp","href":"https:\/\/api.w.org\/{rel}","templated":true}]}}