{"id":97591,"date":"2025-09-01T12:28:37","date_gmt":"2025-09-01T19:28:37","guid":{"rendered":"https:\/\/portaltactica.com\/?p=97591"},"modified":"2025-09-01T12:29:09","modified_gmt":"2025-09-01T19:29:09","slug":"neymar-reacciona-con-indirecta-a-ancelotti-despues-de-no-ser-convocado-por-brasil","status":"publish","type":"post","link":"https:\/\/portaltactica.com\/?p=97591","title":{"rendered":"Neymar reacciona con indirecta a Ancelotti despu\u00e9s de no ser convocado por Brasil"},"content":{"rendered":"\n<p>Llega la\u00a0<strong>Fecha FIFA\u00a0<\/strong>y la<strong>\u00a0Selecci\u00f3n Brasile\u00f1a<\/strong>\u00a0estar\u00e1 enfrentando sus \u00faltimos juegos de\u00a0<strong>Eliminatorias Mundialistas\u00a0<\/strong>rumbo al\u00a0<strong>Mundial 2026<\/strong>, boleto que ya ha asegurado previamente tras sus siete juegos ganados.<\/p>\n\n\n\n<p>Sin embargo, una de las situaciones que ha levantado pol\u00e9mica ha sido la ausencia de Neymar por parte de Carlo Ancelotti para esta concentraci\u00f3n y el futbolista habl\u00f3 al respecto dejando un claro mensaje hacia el italiano.<\/p>\n\n\n\n<p>\u201cFue una inflamaci\u00f3n muscular, pero nada grave. Si no, no habr\u00eda jugado hoy ni contra el Bah\u00eda&#8230; Si me qued\u00e9 fuera, fue una decisi\u00f3n t\u00e9cnica, no tuvo nada que ver con mi condici\u00f3n f\u00edsica. Es decisi\u00f3n del entrenador. La respeto. Estoy fuera, y ahora me toca apoyar a la selecci\u00f3n\u201d, resalt\u00f3.<\/p>\n\n\n\n<p>Cabe mencionar, que Ancelotti hab\u00eda dejado fuera al jugador de Santos debido a problemas de lesi\u00f3n: \u201cUn peque\u00f1o problema la semana pasada. Todos conocemos a Neymar. Lo necesitamos en las mejores condiciones f\u00edsicas para ayudarnos en el Mundial\u201d.&nbsp;<\/p>\n\n\n\n<h2 class=\"wp-block-heading\">\u00bfCu\u00e1l fue el \u00faltimo partido de Neymar con Brasil?<\/h2>\n\n\n\n<p>Neymar no ha visto acci\u00f3n con la Selecci\u00f3n Brasile\u00f1a desde el 18 de octubre de 2023 cuando la \u2018Canarinha\u2019 cay\u00f3 ante Uruguay en el Centenario. En esa ocasi\u00f3n el delantero termin\u00f3 con una grave lesi\u00f3n.<\/p>\n\n\n\n<h2 class=\"wp-block-heading\">Eliminatoria&nbsp;<\/h2>\n\n\n\n<p>Los dirigidos por Carlo Ancelotti recibir\u00e1n a Chile, en el primer juego, y posteriormente se meter\u00e1n a la altura de Bolivia en lo que ser\u00eda el cierre de la Eliminatoria Sudamericana.&nbsp;<\/p>\n<div class='share-to-whatsapp-wrapper'><div class='share-on-whsp'>Share on: <\/div><a data-text='Neymar reacciona con indirecta a Ancelotti despu\u00e9s de no ser convocado por Brasil' data-link='https:\/\/portaltactica.com\/?p=97591' class='whatsapp-button whatsapp-share'>WhatsApp<\/a><div class='clear '><\/div><\/div>","protected":false},"excerpt":{"rendered":"<p>Llega la\u00a0Fecha FIFA\u00a0y la\u00a0Selecci\u00f3n Brasile\u00f1a\u00a0estar\u00e1 enfrentando sus \u00faltimos juegos de\u00a0Eliminatorias Mundialistas\u00a0rumbo al\u00a0Mundial 2026, boleto que ya ha asegurado previamente tras sus&hellip;<\/p>\n","protected":false},"author":2,"featured_media":97592,"comment_status":"closed","ping_status":"closed","sticky":false,"template":"","format":"standard","meta":{"advanced_seo_description":"","jetpack_seo_html_title":"","jetpack_seo_noindex":false,"_jetpack_memberships_contains_paid_content":false,"footnotes":"","jetpack_publicize_message":"","jetpack_publicize_feature_enabled":true,"jetpack_social_post_already_shared":true,"jetpack_social_options":{"image_generator_settings":{"template":"highway","default_image_id":0,"font":"","enabled":false},"version":2}},"categories":[1896],"tags":[],"class_list":["post-97591","post","type-post","status-publish","format-standard","has-post-thumbnail","hentry","category-destacado-portada"],"jetpack_publicize_connections":[],"jetpack_featured_media_url":"https:\/\/portaltactica.com\/wp-content\/uploads\/2025\/09\/1.png","jetpack_sharing_enabled":true,"_links":{"self":[{"href":"https:\/\/portaltactica.com\/index.php?rest_route=\/wp\/v2\/posts\/97591","targetHints":{"allow":["GET"]}}],"collection":[{"href":"https:\/\/portaltactica.com\/index.php?rest_route=\/wp\/v2\/posts"}],"about":[{"href":"https:\/\/portaltactica.com\/index.php?rest_route=\/wp\/v2\/types\/post"}],"author":[{"embeddable":true,"href":"https:\/\/portaltactica.com\/index.php?rest_route=\/wp\/v2\/users\/2"}],"replies":[{"embeddable":true,"href":"https:\/\/portaltactica.com\/index.php?rest_route=%2Fwp%2Fv2%2Fcomments&post=97591"}],"version-history":[{"count":1,"href":"https:\/\/portaltactica.com\/index.php?rest_route=\/wp\/v2\/posts\/97591\/revisions"}],"predecessor-version":[{"id":97593,"href":"https:\/\/portaltactica.com\/index.php?rest_route=\/wp\/v2\/posts\/97591\/revisions\/97593"}],"wp:featuredmedia":[{"embeddable":true,"href":"https:\/\/portaltactica.com\/index.php?rest_route=\/wp\/v2\/media\/97592"}],"wp:attachment":[{"href":"https:\/\/portaltactica.com\/index.php?rest_route=%2Fwp%2Fv2%2Fmedia&parent=97591"}],"wp:term":[{"taxonomy":"category","embeddable":true,"href":"https:\/\/portaltactica.com\/index.php?rest_route=%2Fwp%2Fv2%2Fcategories&post=97591"},{"taxonomy":"post_tag","embeddable":true,"href":"https:\/\/portaltactica.com\/index.php?rest_route=%2Fwp%2Fv2%2Ftags&post=97591"}],"curies":[{"name":"wp","href":"https:\/\/api.w.org\/{rel}","templated":true}]}}