{"id":97531,"date":"2025-08-28T16:01:49","date_gmt":"2025-08-28T23:01:49","guid":{"rendered":"https:\/\/portaltactica.com\/?p=97531"},"modified":"2025-08-28T16:01:51","modified_gmt":"2025-08-28T23:01:51","slug":"tras-10-anos-dan-cierre-al-caso-de-la-fifa-contra-blatter-y-platini","status":"publish","type":"post","link":"https:\/\/portaltactica.com\/?p=97531","title":{"rendered":"Tras 10 a\u00f1os, dan cierre al caso de la FIFA contra Blatter y Platini"},"content":{"rendered":"\n<p>La fiscal\u00eda federal de Suiza cerr\u00f3 finalmente, hoy jueves 28 de agosto,\u00a0<strong>su caso contra el expresidente de la FIFA, Joseph Blatter, y el expresidente de la UEFA, Michel Platini, despu\u00e9s de 10 a\u00f1os y dos juicios<\/strong>\u00a0con sentencias absolutorias.<\/p>\n\n\n\n<p>La fiscal\u00eda general de Suiza anunci\u00f3 que no recurrir\u00e1 las absoluciones de los hombres, dictadas por una corte de apelaciones en marzo pasado.<\/p>\n\n\n\n<p>El primer juicio se celebr\u00f3 en 2022 por cargos de fraude, falsificaci\u00f3n, mala gesti\u00f3n y malversaci\u00f3n de m\u00e1s de dos millones de d\u00f3lares de dinero de la\u00a0<strong>FIFA<\/strong>\u00a0en 2011. Ambos hombres negaron haber cometido irregularidades y afirmaron que se trataba de un pago retrasado por el trabajo contratado como asesor de la FIFA durante el primer mandato de\u00a0<strong>Sepp Blatter<\/strong>\u00a0como presidente hasta 2002.<\/p>\n\n\n\n<p>&#8220;Tras el fracaso de los procedimientos penales, la defensa ahora analizar\u00e1 c\u00f3mo emprender acciones legales contra los responsables de iniciar los procedimientos&#8221;, dijo el abogado de Platini, Dominic Nellen, en un comunicado.<\/p>\n\n\n\n<p><strong>El pago de fondos de la FIFA a Platini sali\u00f3 a la luz en 2015, durante pesquisas de las autoridades internacionales del futbol llevadas a cabo por investigadores de Estados Unidos y Suiza.<\/strong><\/p>\n\n\n\n<p>Las acusaciones no fueron probadas en los tribunales, pero provocaron la destituci\u00f3n de ambos hombres de sus cargos.\u00a0<strong>En las elecciones de 2016, Gianni Infantino se convirti\u00f3 en presidente de la FIFA y Aleksander \u010ceferin asumi\u00f3 la presidencia de la UEFA.<\/strong><\/p>\n\n\n\n<p>&#8220;Entre otras cosas, los procedimientos penales impidieron la elecci\u00f3n (de Platini) como presidente de la FIFA en 2016&#8221;, dijo su abogado Nellen. &#8220;Los procedimientos penales tuvieron no solo consecuencias legales, sino tambi\u00e9n masivas consecuencias personales y profesionales para\u00a0<strong>Michel Platini<\/strong>, a pesar de que nunca se present\u00f3 ninguna evidencia incriminatoria&#8221;.<\/p>\n\n\n\n<p>Los fiscales suizos dijeron este jueves que al aceptar el fallo de la corte de apelaciones,\u00a0<strong>&#8220;se cierra otro cap\u00edtulo en los procedimientos complejos relacionados con el futbol&#8221;.<\/strong><\/p>\n<div class='share-to-whatsapp-wrapper'><div class='share-on-whsp'>Share on: <\/div><a data-text='Tras 10 a\u00f1os, dan cierre al caso de la FIFA contra Blatter y Platini' data-link='https:\/\/portaltactica.com\/?p=97531' class='whatsapp-button whatsapp-share'>WhatsApp<\/a><div class='clear '><\/div><\/div>","protected":false},"excerpt":{"rendered":"<p>La fiscal\u00eda federal de Suiza cerr\u00f3 finalmente, hoy jueves 28 de agosto,\u00a0su caso contra el expresidente de la FIFA, Joseph Blatter,&hellip;<\/p>\n","protected":false},"author":2,"featured_media":97532,"comment_status":"closed","ping_status":"closed","sticky":false,"template":"","format":"standard","meta":{"advanced_seo_description":"","jetpack_seo_html_title":"","jetpack_seo_noindex":false,"_jetpack_memberships_contains_paid_content":false,"footnotes":"","jetpack_publicize_message":"","jetpack_publicize_feature_enabled":true,"jetpack_social_post_already_shared":true,"jetpack_social_options":{"image_generator_settings":{"template":"highway","default_image_id":0,"font":"","enabled":false},"version":2}},"categories":[1898],"tags":[],"class_list":["post-97531","post","type-post","status-publish","format-standard","has-post-thumbnail","hentry","category-destacado-internacional"],"jetpack_publicize_connections":[],"jetpack_featured_media_url":"https:\/\/portaltactica.com\/wp-content\/uploads\/2025\/08\/9-4.png","jetpack_sharing_enabled":true,"_links":{"self":[{"href":"https:\/\/portaltactica.com\/index.php?rest_route=\/wp\/v2\/posts\/97531","targetHints":{"allow":["GET"]}}],"collection":[{"href":"https:\/\/portaltactica.com\/index.php?rest_route=\/wp\/v2\/posts"}],"about":[{"href":"https:\/\/portaltactica.com\/index.php?rest_route=\/wp\/v2\/types\/post"}],"author":[{"embeddable":true,"href":"https:\/\/portaltactica.com\/index.php?rest_route=\/wp\/v2\/users\/2"}],"replies":[{"embeddable":true,"href":"https:\/\/portaltactica.com\/index.php?rest_route=%2Fwp%2Fv2%2Fcomments&post=97531"}],"version-history":[{"count":1,"href":"https:\/\/portaltactica.com\/index.php?rest_route=\/wp\/v2\/posts\/97531\/revisions"}],"predecessor-version":[{"id":97533,"href":"https:\/\/portaltactica.com\/index.php?rest_route=\/wp\/v2\/posts\/97531\/revisions\/97533"}],"wp:featuredmedia":[{"embeddable":true,"href":"https:\/\/portaltactica.com\/index.php?rest_route=\/wp\/v2\/media\/97532"}],"wp:attachment":[{"href":"https:\/\/portaltactica.com\/index.php?rest_route=%2Fwp%2Fv2%2Fmedia&parent=97531"}],"wp:term":[{"taxonomy":"category","embeddable":true,"href":"https:\/\/portaltactica.com\/index.php?rest_route=%2Fwp%2Fv2%2Fcategories&post=97531"},{"taxonomy":"post_tag","embeddable":true,"href":"https:\/\/portaltactica.com\/index.php?rest_route=%2Fwp%2Fv2%2Ftags&post=97531"}],"curies":[{"name":"wp","href":"https:\/\/api.w.org\/{rel}","templated":true}]}}