{"id":97511,"date":"2025-08-28T13:01:44","date_gmt":"2025-08-28T20:01:44","guid":{"rendered":"https:\/\/portaltactica.com\/?p=97511"},"modified":"2025-08-28T13:01:47","modified_gmt":"2025-08-28T20:01:47","slug":"rumbo-a-brasil-leon-y-santos-fc-cierran-acuerdo-por-adonis-frias","status":"publish","type":"post","link":"https:\/\/portaltactica.com\/?p=97511","title":{"rendered":"\u00a1Rumbo a Brasil! Le\u00f3n y Santos FC cierran acuerdo por Adonis Fr\u00edas"},"content":{"rendered":"\n<p>El\u00a0<strong>Santos Brasil<\/strong>\u00a0y el\u00a0<strong>Club Le\u00f3n<\/strong>\u00a0han llegado a un\u00a0acuerdo\u00a0econ\u00f3mico para que el\u00a0<strong>zaguero sudamericano<\/strong>\u00a0refuerce al equipo brasile\u00f1o a partir de este momento.<\/p>\n\n\n\n<p>El s\u00e1bado pasado, luego del partido que disput\u00f3, te cambio, enfrentando al Pachuca,&nbsp;<strong>Adonis Urias<\/strong>&nbsp;mand\u00f3 el mensaje de despedida entre l\u00edneas para la fisi\u00f3n del conjunto&nbsp;<strong>panza Verde<\/strong>.<\/p>\n\n\n\n<p>\u201c<strong>Si me toca irme, que sepan que dej\u00e9 todo<\/strong>, que me brind\u00e9 al m\u00e1ximo, tanto con mis compa\u00f1eros como con todos los cuerpos t\u00e9cnicos que he tenido, con la dirigencia, con todos\u201d, coment\u00f3 Adonis Fr\u00edas.<\/p>\n\n\n\n<p>Este medio ha podido confirmar que la negociaci\u00f3n que comenz\u00f3 hace una semana entre entre los clubes y el futbolista ha llegado a un acuerdo total. Ahora el equipo que dirige&nbsp;<strong>Eduardo Berizzo<\/strong>&nbsp;trabaja en las opciones para ocupar la vacante de no formado en M\u00e9xico que deja Fr\u00edas.<\/p>\n\n\n\n<p>Cabe recordar que el libro de registros en la&nbsp;<strong>Liga MX<\/strong>, se cierra el pr\u00f3ximo 12 de septiembre. Situaci\u00f3n que hace suponer una dificultad importante en el proceso de b\u00fasqueda negociaci\u00f3n y contrataci\u00f3n para esta ventana de transferencias.<\/p>\n\n\n\n<p>Una de las opciones que existe en la mesa de la diligencia\u00a0verdiblanca,\u00a0<strong>es la de no precipitarse<\/strong>, y evitar que el tiempo les juegue en contra. Y dejar ese\u00a0<strong>puesto libre<\/strong>\u00a0para el siguiente periodo de transferencias en la ventana del clausura 2025, 2026.<\/p>\n\n\n\n<p>Adonis Fr\u00edas disput\u00f3 seis torneos en la&nbsp;<strong>Liga MX<\/strong>, un par de&nbsp;<strong>Leagues Cup<\/strong>&nbsp;y adem\u00e1s fue campe\u00f3n con los esmeraldas en la liga de campeones de la&nbsp;<strong>CONCACAF del 2023<\/strong>. Fue parte del plantel que disput\u00f3 la copa del mundo en Arabia, en diciembre de hace dos a\u00f1os.<\/p>\n<div class='share-to-whatsapp-wrapper'><div class='share-on-whsp'>Share on: <\/div><a data-text='\u00a1Rumbo a Brasil! Le\u00f3n y Santos FC cierran acuerdo por Adonis Fr\u00edas' data-link='https:\/\/portaltactica.com\/?p=97511' class='whatsapp-button whatsapp-share'>WhatsApp<\/a><div class='clear '><\/div><\/div>","protected":false},"excerpt":{"rendered":"<p>El\u00a0Santos Brasil\u00a0y el\u00a0Club Le\u00f3n\u00a0han llegado a un\u00a0acuerdo\u00a0econ\u00f3mico para que el\u00a0zaguero sudamericano\u00a0refuerce al equipo brasile\u00f1o a partir de este momento. El s\u00e1bado&hellip;<\/p>\n","protected":false},"author":2,"featured_media":97513,"comment_status":"closed","ping_status":"closed","sticky":false,"template":"","format":"standard","meta":{"advanced_seo_description":"","jetpack_seo_html_title":"","jetpack_seo_noindex":false,"_jetpack_memberships_contains_paid_content":false,"footnotes":"","jetpack_publicize_message":"","jetpack_publicize_feature_enabled":true,"jetpack_social_post_already_shared":true,"jetpack_social_options":{"image_generator_settings":{"template":"highway","default_image_id":0,"font":"","enabled":false},"version":2}},"categories":[1897],"tags":[],"class_list":["post-97511","post","type-post","status-publish","format-standard","has-post-thumbnail","hentry","category-destacado-nacional"],"jetpack_publicize_connections":[],"jetpack_featured_media_url":"https:\/\/portaltactica.com\/wp-content\/uploads\/2025\/08\/3-13.png","jetpack_sharing_enabled":true,"_links":{"self":[{"href":"https:\/\/portaltactica.com\/index.php?rest_route=\/wp\/v2\/posts\/97511","targetHints":{"allow":["GET"]}}],"collection":[{"href":"https:\/\/portaltactica.com\/index.php?rest_route=\/wp\/v2\/posts"}],"about":[{"href":"https:\/\/portaltactica.com\/index.php?rest_route=\/wp\/v2\/types\/post"}],"author":[{"embeddable":true,"href":"https:\/\/portaltactica.com\/index.php?rest_route=\/wp\/v2\/users\/2"}],"replies":[{"embeddable":true,"href":"https:\/\/portaltactica.com\/index.php?rest_route=%2Fwp%2Fv2%2Fcomments&post=97511"}],"version-history":[{"count":2,"href":"https:\/\/portaltactica.com\/index.php?rest_route=\/wp\/v2\/posts\/97511\/revisions"}],"predecessor-version":[{"id":97514,"href":"https:\/\/portaltactica.com\/index.php?rest_route=\/wp\/v2\/posts\/97511\/revisions\/97514"}],"wp:featuredmedia":[{"embeddable":true,"href":"https:\/\/portaltactica.com\/index.php?rest_route=\/wp\/v2\/media\/97513"}],"wp:attachment":[{"href":"https:\/\/portaltactica.com\/index.php?rest_route=%2Fwp%2Fv2%2Fmedia&parent=97511"}],"wp:term":[{"taxonomy":"category","embeddable":true,"href":"https:\/\/portaltactica.com\/index.php?rest_route=%2Fwp%2Fv2%2Fcategories&post=97511"},{"taxonomy":"post_tag","embeddable":true,"href":"https:\/\/portaltactica.com\/index.php?rest_route=%2Fwp%2Fv2%2Ftags&post=97511"}],"curies":[{"name":"wp","href":"https:\/\/api.w.org\/{rel}","templated":true}]}}