{"id":97501,"date":"2025-08-27T16:39:17","date_gmt":"2025-08-27T23:39:17","guid":{"rendered":"https:\/\/portaltactica.com\/?p=97501"},"modified":"2025-08-27T16:39:19","modified_gmt":"2025-08-27T23:39:19","slug":"barca-pone-la-mira-en-vanderson-pero-depende-de-liberar-espacio-con-una-venta","status":"publish","type":"post","link":"https:\/\/portaltactica.com\/?p=97501","title":{"rendered":"Bar\u00e7a pone la mira en Vanderson, pero depende de liberar espacio con una venta"},"content":{"rendered":"\n<p><strong>Vanderson<\/strong>, lateral del\u00a0<strong>AS Monaco<\/strong>, es una de las opciones que controla el\u00a0<strong>Barcelona<\/strong>\u00a0por si logra realizar alguna venta antes del cierre del mercado para poder lanzarse por un fichaje de \u00faltima hora, seg\u00fan una fuente inform\u00f3.<\/p>\n\n\n\n<p><strong>Vanderson<\/strong>, de 24 a\u00f1os, ha sido relacionado con el club catal\u00e1n en diversas ocasiones pero el inter\u00e9s nunca lleg\u00f3 a concretarse debido a los problemas financieros del&nbsp;<strong>Barcelona<\/strong>&nbsp;y a la elevada tasaci\u00f3n del futbolista: unos 29 millones de d\u00f3lares.<\/p>\n\n\n\n<p>El Barcelona sigue abierto a reforzar la defensa para cubrir la salida del central\u00a0I\u00f1igo Mart\u00ednez\u00a0al\u00a0Al Nassr\u00a0de Arabia y una fuente confirma que Vanderson ser\u00eda uno de los candidatos.<\/p>\n\n\n\n<p>No obstante, la operaci\u00f3n es complicada porque el club catal\u00e1n necesitar\u00eda antes realizar una gran venta.<\/p>\n\n\n\n<p>En este sentido, se inform\u00f3 el lunes que el\u00a0Chelsea\u00a0ha hecho un acercamiento para sondear la disponibilidad de\u00a0Ferm\u00edn L\u00f3pez\u00a0mientras que el club catal\u00e1n est\u00e1 tambi\u00e9n abierto a\u00a0escuchar ofertas\u00a0por\u00a0Marc Casad\u00f3,\u00a0Ronald Ara\u00fajo\u00a0y\u00a0Andreas Christensen\u00a0para intentar cumplir con las normas de juego limpio financiero de LaLiga.<\/p>\n\n\n\n<p>Hansi Flick, que ha dejado claro en p\u00fablico y en privado que quiere desprenderse de ning\u00fan futbolista de la plantilla actual, cuenta en el lateral derecha con dos centrales reconvertidos:\u00a0Jules Kound\u00e9\u00a0y\u00a0Eric Garc\u00eda.<\/p>\n\n\n\n<p>El franc\u00e9s ha sido el titular en las dos \u00faltimas temporadas mientras que Eric Garc\u00eda despunt\u00f3 mucho la pasada temporada como lateral despu\u00e9s de que Kound\u00e9 se lesionase un las semifinales de Champions League ante el\u00a0Inter de Mil\u00e1n\u00a0en Montju\u00efc (3-3) y esta temporada la inici\u00f3 en esa posici\u00f3n como titular en el equipo.<\/p>\n\n\n\n<p>En este sentido, hay que recordar que Kound\u00e9 ampli\u00f3 su contrato con el Barcelona la semana pasada hasta 2030, mientras que las fuentes informan que el club tambi\u00e9n espera sentarse a negociar con Eric Garc\u00eda una vez que se acabe el mercado de verano.<\/p>\n\n\n\n<p>Vanderson ser\u00eda una alternativa m\u00e1s ofensiva que permitir\u00eda a Flick poder usar tambi\u00e9n a Kounde y Eric en el centro de la defensa. El lateral juega desde enero de 2022 en el M\u00f3naco y es tambi\u00e9n ya un habitual con Brasil.<\/p>\n\n\n\n<p>El Bar\u00e7a tiene buenas relaciones con el club monegasco despu\u00e9s de hacer cerrado tambi\u00e9n la cesi\u00f3n de\u00a0Ansu Fati\u00a0al club del Principado. Por otra parte, en el Barcelona hay debate sobre la figura del joven delantero camerun\u00e9s del Villarreal\u00a0Etta Eyong.<\/p>\n\n\n\n<p>El extremo ha sido vinculado con el club catal\u00e1n tras su gran inicio de la temporada pero en el club catal\u00e1n informan a ESPN que hay debate sobre su fichaje. Algunas voces lo ven como un delantero con posibilidades de futuro mientras que otros creen que a d\u00eda de hoy no tiene el perfil necesario para jugar en el cuadro catal\u00e1n.<\/p>\n\n\n\n<p>No obstante, se considera una &#8220;oportunidad de mercado&#8221; porque su cl\u00e1usula de rescisi\u00f3n se sit\u00faa entre los 5.7 y los 11.5 millones de d\u00f3lares.<\/p>\n<div class='share-to-whatsapp-wrapper'><div class='share-on-whsp'>Share on: <\/div><a data-text='Bar\u00e7a pone la mira en Vanderson, pero depende de liberar espacio con una venta' data-link='https:\/\/portaltactica.com\/?p=97501' class='whatsapp-button whatsapp-share'>WhatsApp<\/a><div class='clear '><\/div><\/div>","protected":false},"excerpt":{"rendered":"<p>Vanderson, lateral del\u00a0AS Monaco, es una de las opciones que controla el\u00a0Barcelona\u00a0por si logra realizar alguna venta antes del cierre del&hellip;<\/p>\n","protected":false},"author":2,"featured_media":97502,"comment_status":"closed","ping_status":"closed","sticky":false,"template":"","format":"standard","meta":{"advanced_seo_description":"","jetpack_seo_html_title":"","jetpack_seo_noindex":false,"_jetpack_memberships_contains_paid_content":false,"footnotes":"","jetpack_publicize_message":"","jetpack_publicize_feature_enabled":true,"jetpack_social_post_already_shared":true,"jetpack_social_options":{"image_generator_settings":{"template":"highway","default_image_id":0,"font":"","enabled":false},"version":2}},"categories":[1898],"tags":[],"class_list":["post-97501","post","type-post","status-publish","format-standard","has-post-thumbnail","hentry","category-destacado-internacional"],"jetpack_publicize_connections":[],"jetpack_featured_media_url":"https:\/\/portaltactica.com\/wp-content\/uploads\/2025\/08\/9-7.jpg","jetpack_sharing_enabled":true,"_links":{"self":[{"href":"https:\/\/portaltactica.com\/index.php?rest_route=\/wp\/v2\/posts\/97501","targetHints":{"allow":["GET"]}}],"collection":[{"href":"https:\/\/portaltactica.com\/index.php?rest_route=\/wp\/v2\/posts"}],"about":[{"href":"https:\/\/portaltactica.com\/index.php?rest_route=\/wp\/v2\/types\/post"}],"author":[{"embeddable":true,"href":"https:\/\/portaltactica.com\/index.php?rest_route=\/wp\/v2\/users\/2"}],"replies":[{"embeddable":true,"href":"https:\/\/portaltactica.com\/index.php?rest_route=%2Fwp%2Fv2%2Fcomments&post=97501"}],"version-history":[{"count":1,"href":"https:\/\/portaltactica.com\/index.php?rest_route=\/wp\/v2\/posts\/97501\/revisions"}],"predecessor-version":[{"id":97503,"href":"https:\/\/portaltactica.com\/index.php?rest_route=\/wp\/v2\/posts\/97501\/revisions\/97503"}],"wp:featuredmedia":[{"embeddable":true,"href":"https:\/\/portaltactica.com\/index.php?rest_route=\/wp\/v2\/media\/97502"}],"wp:attachment":[{"href":"https:\/\/portaltactica.com\/index.php?rest_route=%2Fwp%2Fv2%2Fmedia&parent=97501"}],"wp:term":[{"taxonomy":"category","embeddable":true,"href":"https:\/\/portaltactica.com\/index.php?rest_route=%2Fwp%2Fv2%2Fcategories&post=97501"},{"taxonomy":"post_tag","embeddable":true,"href":"https:\/\/portaltactica.com\/index.php?rest_route=%2Fwp%2Fv2%2Ftags&post=97501"}],"curies":[{"name":"wp","href":"https:\/\/api.w.org\/{rel}","templated":true}]}}