{"id":97492,"date":"2025-08-27T15:16:07","date_gmt":"2025-08-27T22:16:07","guid":{"rendered":"https:\/\/portaltactica.com\/?p=97492"},"modified":"2025-08-27T15:16:14","modified_gmt":"2025-08-27T22:16:14","slug":"fmf-y-liga-de-expansion-acudiran-al-tas-para-debatir-la-reactivacion-del-ascenso","status":"publish","type":"post","link":"https:\/\/portaltactica.com\/?p=97492","title":{"rendered":"FMF y Liga de Expansi\u00f3n acudir\u00e1n al TAS para debatir la reactivaci\u00f3n del Ascenso"},"content":{"rendered":"\n<p>Este jueves\u00a0<strong>habr\u00e1 audiencia entre\u00a0Federaci\u00f3n Mexicana de Futbol<\/strong>\u00a0y\u00a0<strong>Liga de Expansi\u00f3n MX<\/strong>, con el objetivo de discutir el proceso del sistema de ascenso y descenso. En la primera reuni\u00f3n se realizar\u00e1 el desahogo de pruebas sobre el caso.<\/p>\n\n\n\n<h2 class=\"wp-block-heading\"><strong>\u00bfQu\u00e9 se discutir\u00e1 en la audiencia de la FMF y Liga de Expansi\u00f3n?<\/strong><\/h2>\n\n\n\n<p>La&nbsp;<strong>reuni\u00f3n ser\u00e1 con el Tribunal de Arbitraje Deportivo<\/strong>, esto para que se aclaren las cosas sobre el lapso de la suspensi\u00f3n del ascenso y descenso, la cual era por seis temporadas. Sin embargo, los&nbsp;<strong>clubes de la Expansi\u00f3n<\/strong>&nbsp;alegan que ya se cumpli\u00f3.<\/p>\n\n\n\n<h2 class=\"wp-block-heading\"><strong>Liga de Expansi\u00f3n argumenta que ya se tuvo que reactivar el Ascenso&nbsp;<\/strong><\/h2>\n\n\n\n<p><strong>La<\/strong>&nbsp;<strong>Federaci\u00f3n Mexicana de Futbol argumenta que todav\u00eda queda una temporada m\u00e1s<\/strong>, es decir, hasta el inicio de la 2026-27, pero la Expansi\u00f3n dice que ya se cumpli\u00f3, pues la&nbsp;<strong>suspensi\u00f3n inici\u00f3 en la 2019-20,<\/strong>&nbsp;por lo que en esta campa\u00f1a ya tuvo que reanudar.<\/p>\n\n\n\n<p>La clave de esta reuni\u00f3n ser\u00e1 que se presentar\u00e1n estas primeras pruebas sobre los argumentos, y el&nbsp;<strong>Tribunal de Arbitraje Deportivo<\/strong>&nbsp;determinar\u00e1 cual de las dos partes tiene raz\u00f3n. Para la pr\u00f3xima semana se podr\u00eda determinar la resoluci\u00f3n.<\/p>\n\n\n\n<p><\/p>\n<div class='share-to-whatsapp-wrapper'><div class='share-on-whsp'>Share on: <\/div><a data-text='FMF y Liga de Expansi\u00f3n acudir\u00e1n al TAS para debatir la reactivaci\u00f3n del Ascenso' data-link='https:\/\/portaltactica.com\/?p=97492' class='whatsapp-button whatsapp-share'>WhatsApp<\/a><div class='clear '><\/div><\/div>","protected":false},"excerpt":{"rendered":"<p>Este jueves\u00a0habr\u00e1 audiencia entre\u00a0Federaci\u00f3n Mexicana de Futbol\u00a0y\u00a0Liga de Expansi\u00f3n MX, con el objetivo de discutir el proceso del sistema de ascenso&hellip;<\/p>\n","protected":false},"author":2,"featured_media":97493,"comment_status":"closed","ping_status":"closed","sticky":false,"template":"","format":"standard","meta":{"advanced_seo_description":"","jetpack_seo_html_title":"","jetpack_seo_noindex":false,"_jetpack_memberships_contains_paid_content":false,"footnotes":"","jetpack_publicize_message":"","jetpack_publicize_feature_enabled":true,"jetpack_social_post_already_shared":true,"jetpack_social_options":{"image_generator_settings":{"template":"highway","default_image_id":0,"font":"","enabled":false},"version":2}},"categories":[1897],"tags":[],"class_list":["post-97492","post","type-post","status-publish","format-standard","has-post-thumbnail","hentry","category-destacado-nacional"],"jetpack_publicize_connections":[],"jetpack_featured_media_url":"https:\/\/portaltactica.com\/wp-content\/uploads\/2025\/08\/7-15.jpg","jetpack_sharing_enabled":true,"_links":{"self":[{"href":"https:\/\/portaltactica.com\/index.php?rest_route=\/wp\/v2\/posts\/97492","targetHints":{"allow":["GET"]}}],"collection":[{"href":"https:\/\/portaltactica.com\/index.php?rest_route=\/wp\/v2\/posts"}],"about":[{"href":"https:\/\/portaltactica.com\/index.php?rest_route=\/wp\/v2\/types\/post"}],"author":[{"embeddable":true,"href":"https:\/\/portaltactica.com\/index.php?rest_route=\/wp\/v2\/users\/2"}],"replies":[{"embeddable":true,"href":"https:\/\/portaltactica.com\/index.php?rest_route=%2Fwp%2Fv2%2Fcomments&post=97492"}],"version-history":[{"count":1,"href":"https:\/\/portaltactica.com\/index.php?rest_route=\/wp\/v2\/posts\/97492\/revisions"}],"predecessor-version":[{"id":97494,"href":"https:\/\/portaltactica.com\/index.php?rest_route=\/wp\/v2\/posts\/97492\/revisions\/97494"}],"wp:featuredmedia":[{"embeddable":true,"href":"https:\/\/portaltactica.com\/index.php?rest_route=\/wp\/v2\/media\/97493"}],"wp:attachment":[{"href":"https:\/\/portaltactica.com\/index.php?rest_route=%2Fwp%2Fv2%2Fmedia&parent=97492"}],"wp:term":[{"taxonomy":"category","embeddable":true,"href":"https:\/\/portaltactica.com\/index.php?rest_route=%2Fwp%2Fv2%2Fcategories&post=97492"},{"taxonomy":"post_tag","embeddable":true,"href":"https:\/\/portaltactica.com\/index.php?rest_route=%2Fwp%2Fv2%2Ftags&post=97492"}],"curies":[{"name":"wp","href":"https:\/\/api.w.org\/{rel}","templated":true}]}}