{"id":97489,"date":"2025-08-27T15:13:40","date_gmt":"2025-08-27T22:13:40","guid":{"rendered":"https:\/\/portaltactica.com\/?p=97489"},"modified":"2025-08-27T15:13:41","modified_gmt":"2025-08-27T22:13:41","slug":"hugo-sanchez-cuestiona-los-microciclos-de-la-seleccion-mexicana-sin-juego-no-sirve","status":"publish","type":"post","link":"https:\/\/portaltactica.com\/?p=97489","title":{"rendered":"Hugo S\u00e1nchez cuestiona los microciclos de la Selecci\u00f3n Mexicana: &#8220;Sin juego no sirve&#8221;"},"content":{"rendered":"\n<p>La\u00a0<strong>Selecci\u00f3n Mexicana\u00a0se encuentra en un microciclo<\/strong>\u00a0con el objetivo de prepararse para los encuentros de la\u00a0<strong>Fecha FIFA de septiembre<\/strong>.\u00a0<strong>Javier Aguirre<\/strong>\u00a0trabaja con 24 jugadores\u00a0<strong>provenientes de la\u00a0Liga MX<\/strong>, quienes buscan un lugar en la convocatoria.<\/p>\n\n\n\n<h2 class=\"wp-block-heading\">Hugo S\u00e1nchez critica a Selecci\u00f3n Mexicana<\/h2>\n\n\n\n<p>Para este microciclo,&nbsp;<strong>el Tri no disputar\u00e1 ning\u00fan partido<\/strong>, lo cual gener\u00f3 una&nbsp;<strong>reacci\u00f3n negativa en Hugo S\u00e1nchez<\/strong>, una de las grandes leyendas del futbol mexicano. El exdelantero se\u00f1al\u00f3 que estos procesos no benefician ni a los clubes ni a la Selecci\u00f3n.<\/p>\n\n\n\n<p>\u201cYo estuve como entrenador en la Selecci\u00f3n y tuve esa experiencia de microciclo. Yo&nbsp;<strong>no he entendido los microciclos sin partido<\/strong>, porque si t\u00fa juntas a los jugadores para entrenarlos dos o tres d\u00edas y luego viene el partido,&nbsp;<strong>es un complemento, pero sin<\/strong>&nbsp;<strong>partido te quedas cojo\u201d,<\/strong>&nbsp;dijo Hugo S\u00e1nchez en ESPN.<\/p>\n\n\n\n<p>\u201cSe queda cojo porque falta el partido, y&nbsp;<strong>ese partido no se entrena con el mecanismo que se realiza en los entrenamientos<\/strong>, (los jugadores) no los va a hacer con la Selecci\u00f3n, los va a hacer con su equipo\u201d, agreg\u00f3 el pentapichichi.<\/p>\n\n\n\n<h2 class=\"wp-block-heading\">\u00bfContra qui\u00e9n jugar\u00e1 M\u00e9xico en la Fecha FIFA?&nbsp;<\/h2>\n\n\n\n<p><strong>M\u00e9xico se ver\u00e1 las caras con Jap\u00f3n y Corea del Sur en la Fecha FIFA<\/strong>&nbsp;de septiembre, duelos de preparaci\u00f3n rumbo a la Copa del Mundo 2026. Los dirigidos por Javier Aguirre tendr\u00e1n una oportunidad m\u00e1s de ganarse un lugar en la convocatoria de la justa.<\/p>\n<div class='share-to-whatsapp-wrapper'><div class='share-on-whsp'>Share on: <\/div><a data-text='Hugo S\u00e1nchez cuestiona los microciclos de la Selecci\u00f3n Mexicana: \"Sin juego no sirve\"' data-link='https:\/\/portaltactica.com\/?p=97489' class='whatsapp-button whatsapp-share'>WhatsApp<\/a><div class='clear '><\/div><\/div>","protected":false},"excerpt":{"rendered":"<p>La\u00a0Selecci\u00f3n Mexicana\u00a0se encuentra en un microciclo\u00a0con el objetivo de prepararse para los encuentros de la\u00a0Fecha FIFA de septiembre.\u00a0Javier Aguirre\u00a0trabaja con 24&hellip;<\/p>\n","protected":false},"author":2,"featured_media":97490,"comment_status":"closed","ping_status":"closed","sticky":false,"template":"","format":"standard","meta":{"advanced_seo_description":"","jetpack_seo_html_title":"","jetpack_seo_noindex":false,"_jetpack_memberships_contains_paid_content":false,"footnotes":"","jetpack_publicize_message":"","jetpack_publicize_feature_enabled":true,"jetpack_social_post_already_shared":true,"jetpack_social_options":{"image_generator_settings":{"template":"highway","default_image_id":0,"font":"","enabled":false},"version":2}},"categories":[1896],"tags":[],"class_list":["post-97489","post","type-post","status-publish","format-standard","has-post-thumbnail","hentry","category-destacado-portada"],"jetpack_publicize_connections":[],"jetpack_featured_media_url":"https:\/\/portaltactica.com\/wp-content\/uploads\/2025\/08\/6-11.jpg","jetpack_sharing_enabled":true,"_links":{"self":[{"href":"https:\/\/portaltactica.com\/index.php?rest_route=\/wp\/v2\/posts\/97489","targetHints":{"allow":["GET"]}}],"collection":[{"href":"https:\/\/portaltactica.com\/index.php?rest_route=\/wp\/v2\/posts"}],"about":[{"href":"https:\/\/portaltactica.com\/index.php?rest_route=\/wp\/v2\/types\/post"}],"author":[{"embeddable":true,"href":"https:\/\/portaltactica.com\/index.php?rest_route=\/wp\/v2\/users\/2"}],"replies":[{"embeddable":true,"href":"https:\/\/portaltactica.com\/index.php?rest_route=%2Fwp%2Fv2%2Fcomments&post=97489"}],"version-history":[{"count":1,"href":"https:\/\/portaltactica.com\/index.php?rest_route=\/wp\/v2\/posts\/97489\/revisions"}],"predecessor-version":[{"id":97491,"href":"https:\/\/portaltactica.com\/index.php?rest_route=\/wp\/v2\/posts\/97489\/revisions\/97491"}],"wp:featuredmedia":[{"embeddable":true,"href":"https:\/\/portaltactica.com\/index.php?rest_route=\/wp\/v2\/media\/97490"}],"wp:attachment":[{"href":"https:\/\/portaltactica.com\/index.php?rest_route=%2Fwp%2Fv2%2Fmedia&parent=97489"}],"wp:term":[{"taxonomy":"category","embeddable":true,"href":"https:\/\/portaltactica.com\/index.php?rest_route=%2Fwp%2Fv2%2Fcategories&post=97489"},{"taxonomy":"post_tag","embeddable":true,"href":"https:\/\/portaltactica.com\/index.php?rest_route=%2Fwp%2Fv2%2Ftags&post=97489"}],"curies":[{"name":"wp","href":"https:\/\/api.w.org\/{rel}","templated":true}]}}